{"id":7648,"date":"2019-09-28T18:10:56","date_gmt":"2019-09-28T16:10:56","guid":{"rendered":"http:\/\/lystfiskerforening.dk\/?p=7648"},"modified":"2019-09-28T18:16:42","modified_gmt":"2019-09-28T16:16:42","slug":"vandpleje-efteraar-2019","status":"publish","type":"post","link":"https:\/\/lystfiskerforening.dk\/?p=7648","title":{"rendered":"Vandpleje &#8211; Efter\u00e5r 2019"},"content":{"rendered":"<p>L\u00f8rdag d. 28 september var der i OSF regi arrangeret en vandplejedag til gl\u00e6de for \u00e5ens \u00f8rreder.<\/p>\n<p>P\u00e5 dagen m\u00f8dte 5 medlemmer op med gummist\u00f8vler, waders og haveredskaber &#8211; klar til kamp imod naturen og mennesket.<\/p>\n\n\n<div style=\"height:35px\" aria-hidden=\"true\" class=\"wp-block-spacer\"><\/div>\n\n\n\n<h4 class=\"wp-block-heading\">Indsats<\/h4>\n\n\n\n<p>Omr\u00e5det nord for Fillerup var endnu engang udpeget til at v\u00e6re stedet hvor slaget skulle st\u00e5.<\/p>\n\n\n\n<p>Efter ankomsten delte vi os op i 2 hold. Et der skulle starte nedstr\u00f8ms hvor Odder \u00c5 m\u00f8der Fillerup By og det andet hold startede hvor \u00e5en krydser vejen i Lundhof Skov.<\/p>\n\n\n\n<blockquote class=\"wp-block-quote is-layout-flow wp-block-quote-is-layout-flow\"><p>Dette stykke af \u00e5en blev ogs\u00e5 g\u00e5et igennem i 2018. Men det tr\u00e6ngte i den grad til en ny gennemgang.<\/p><\/blockquote>\n\n\n\n<p>Den del af \u00e5en, som l\u00f8ber igennem Lundhof Skov var flere steder ramt af nye totalsp\u00e6rringer og havde man ikke haft kendskab til sidste \u00e5r indsats. Ja, s\u00e5 ville man n\u00e6rmest tro det var l\u00e6nge siden nogen havde set til \u00e5en.<\/p>\n\n\n\n<p>I alt blev 5-6 st\u00f8rre sp\u00e6rring helt eller delvist fjernet.<\/p>\n\n\n\n<p>De steder hvor det blev vurderet, at for meget flydesand ville blive l\u00f8snet blev sp\u00e6rringerne kun delvist fjernet. For flydesand er der i den grad til stede p\u00e5 det \u00f8verste af Odder \u00c5.<\/p>\n\n\n\n<div style=\"height:35px\" aria-hidden=\"true\" class=\"wp-block-spacer\"><\/div>\n\n\n\n<h4 class=\"wp-block-heading\">Flydesand &#8211; en udfordring<\/h4>\n\n\n\n<p>Mange steder hvor flydesandet var til stede kunne kultivatorjernet snildt g\u00e5 15cm ned i det uden at ramme h\u00e5rd bund\/stenbund. De steder hvor sp\u00e6rringerne var blevet skabt l\u00e5 der ofte op til 30cm flydesand i en stor plamage og det er ikke ut\u00e6nkeligt, at det p\u00e5 l\u00e6ngere sigt vil blive et problem for hele \u00e5en.<\/p>\n\n\n\n<p>I forbindelse med projekt &#8211; fri passage Odder \u00c5 ved bl.a <a href=\"https:\/\/lystfiskerforening.dk\/rundvisning-ved-fillerup-moelle\/\">fjernelse af m\u00f8lles\u00f8en i Fillerup<\/a> har man skabt en motorvej for flydesandet.<\/p>\n\n\n\n<p>Tidligere er flydesandet blevet fanget i m\u00f8lles\u00f8en, som med \u00e5r imellem er blevet gravet op p\u00e5 ny og sandet dermed fjernet fra \u00e5-systemet. Men m\u00f8lles\u00f8en havde desv\u00e6rre ogs\u00e5 den d\u00e5rlig egenskab, at den blokerede for over 7km potentiel gydevand.<\/p>\n\n\n\n<blockquote class=\"wp-block-quote is-layout-flow wp-block-quote-is-layout-flow\"><p>I dag har \u00e5en fri passage fra udspringet i <a href=\"https:\/\/www.google.com\/maps\/place\/55%C2%B056'51.1%22N+10%C2%B003'09.2%22E\/@55.947518,10.050362,17z\/data=!3m1!4b1!4m9!1m2!2m1!1sgrossisten!3m5!1s0x0:0x0!7e2!8m2!3d55.9475177!4d10.0525561\">Oldrup Krat \/ Tornsbjerg Skov<\/a> til udl\u00f8bet i <a href=\"https:\/\/www.google.com\/maps\/dir\/\/56.0109266,10.21761\/@56.0063612,10.2138074,14.75z\">Norsminde Fjord<\/a>.<\/p><\/blockquote>\n\n\n\n<p>Der er dog forlagt et forslag hos Odder Kommune til oprettelse af 3-4 sandfang nord for Fillerup til, at fange flydesandet inden det \u00f8del\u00e6gger resten af \u00e5-systemets mange gydebanker og dermed ogs\u00e5 muligheden for at forringe forekomsten af fiskeyngel i Odder \u00c5.<\/p>\n\n\n\n<div style=\"height:20px\" aria-hidden=\"true\" class=\"wp-block-spacer\"><\/div>\n\n\n\n<figure class=\"wp-block-image\"><img loading=\"lazy\" decoding=\"async\" width=\"1024\" height=\"768\" src=\"https:\/\/lystfiskerforening.dk\/wp-content\/uploads\/2019\/09\/20190928_151359-1024x768.jpg\" alt=\"\" class=\"wp-image-7651\" srcset=\"https:\/\/lystfiskerforening.dk\/wp-content\/uploads\/2019\/09\/20190928_151359-1024x768.jpg 1024w, https:\/\/lystfiskerforening.dk\/wp-content\/uploads\/2019\/09\/20190928_151359-300x225.jpg 300w, https:\/\/lystfiskerforening.dk\/wp-content\/uploads\/2019\/09\/20190928_151359-768x576.jpg 768w, https:\/\/lystfiskerforening.dk\/wp-content\/uploads\/2019\/09\/20190928_151359-700x525.jpg 700w, https:\/\/lystfiskerforening.dk\/wp-content\/uploads\/2019\/09\/20190928_151359-410x308.jpg 410w, https:\/\/lystfiskerforening.dk\/wp-content\/uploads\/2019\/09\/20190928_151359-100x75.jpg 100w, https:\/\/lystfiskerforening.dk\/wp-content\/uploads\/2019\/09\/20190928_151359-275x206.jpg 275w, https:\/\/lystfiskerforening.dk\/wp-content\/uploads\/2019\/09\/20190928_151359.jpg 2048w\" sizes=\"auto, (max-width: 1024px) 100vw, 1024px\" \/><figcaption>Dagens h\u00f8st af menneskelig affald langs Odder \u00c5<\/figcaption><\/figure>\n\n\n\n<div style=\"height:35px\" aria-hidden=\"true\" class=\"wp-block-spacer\"><\/div>\n\n\n\n<h4 class=\"wp-block-heading\">Status<\/h4>\n\n\n\n<p>Dagens gennemgang blevet foretaget p\u00e5 knap 3,5 time af de 5 mand. Under gennemgangen blev der ogs\u00e5 samlet en del menneskelig affald bl.a en pose blandet affald best\u00e5ende af plastik, flamingo og d\u00e5ser. Herudover blev der fundet en bortkommen vandkane og en spand til b\u00e6re vores habengut i.<\/p>\n\n\n\n<p>For at have fuldf\u00f8rt en fuld gennemgang af \u00e5-systemet mangler vi fortsat f\u00f8lgende omr\u00e5der;<\/p>\n\n\n\n<ul class=\"wp-block-list\"><li>Assedrupb\u00e6k<\/li><li>Stampm\u00f8lleb\u00e6k<\/li><li>Sanderb\u00e6k<\/li><\/ul>\n\n\n\n<p>Dette er de st\u00f8rre b\u00e6kke med et godt potentiale for en stor bestand af fiskeyngel.<\/p>\n\n\n\n<p>Ved 1300 tiden m\u00f8des vi alle sammen ved Stampm\u00f8llen og n\u00f8d en sandwich, samt lidt drikkelse. Herefter br\u00f8d vi op for denne gang, da d\u00e5rligt vejr med masser af regn ventede forude.<\/p>\n\n\n\n<p>Tak til de fremm\u00f8dte.<\/p>\n\n\n\n<p>\/\/ Christian &#8220;Crede&#8221; Kjeldsen<\/p>\n","protected":false},"excerpt":{"rendered":"<p>L\u00f8rdag d. 28 september var der i OSF regi arrangeret en vandplejedag til gl\u00e6de for \u00e5ens \u00f8rreder. P\u00e5 dagen m\u00f8dte 5 medlemmer op med gummist\u00f8vler, waders og haveredskaber &#8211; klar til kamp imod naturen og mennesket. Indsats Omr\u00e5det nord for Fillerup var endnu engang udpeget til at v\u00e6re stedet hvor slaget skulle st\u00e5. Efter ankomsten [&hellip;]<\/p>\n","protected":false},"author":1,"featured_media":7650,"comment_status":"open","ping_status":"open","sticky":false,"template":"","format":"standard","meta":{"footnotes":""},"categories":[19],"tags":[264,140,94],"class_list":["post-7648","post","type-post","status-publish","format-standard","has-post-thumbnail","hentry","category-info","tag-264","tag-odder-aa","tag-vandpleje"],"yoast_head":"<!-- This site is optimized with the Yoast SEO plugin v27.5 - https:\/\/yoast.com\/product\/yoast-seo-wordpress\/ -->\n<title>Vandpleje - Efter\u00e5r 2019 - Odder Sportsfiskerforening<\/title>\n<meta name=\"description\" content=\"L\u00f8rdag d. 28 september var der i OSF regi arrangeret en vandplejedag til gl\u00e6de for \u00e5ens \u00f8rreder. P\u00e5 dagen m\u00f8dte 5 medlemmer op med gummist\u00f8vler, waders og haveredskaber - klar til kamp imod naturen og mennesket. S\u00e5dan gik det -&gt;\" \/>\n<meta name=\"robots\" content=\"index, follow, max-snippet:-1, max-image-preview:large, max-video-preview:-1\" \/>\n<link rel=\"canonical\" href=\"https:\/\/lystfiskerforening.dk\/?p=7648\" \/>\n<meta property=\"og:locale\" content=\"da_DK\" \/>\n<meta property=\"og:type\" content=\"article\" \/>\n<meta property=\"og:title\" content=\"Vandpleje - Efter\u00e5r 2019 - Odder Sportsfiskerforening\" \/>\n<meta property=\"og:description\" content=\"L\u00f8rdag d. 28 september var der i OSF regi arrangeret en vandplejedag til gl\u00e6de for \u00e5ens \u00f8rreder. P\u00e5 dagen m\u00f8dte 5 medlemmer op med gummist\u00f8vler, waders og haveredskaber - klar til kamp imod naturen og mennesket. S\u00e5dan gik det -&gt;\" \/>\n<meta property=\"og:url\" content=\"https:\/\/lystfiskerforening.dk\/?p=7648\" \/>\n<meta property=\"og:site_name\" content=\"Odder Sportsfiskerforening\" \/>\n<meta property=\"article:publisher\" content=\"https:\/\/www.facebook.com\/odderfisker\/\" \/>\n<meta property=\"article:author\" content=\"https:\/\/www.facebook.com\/kjeldsenc\" \/>\n<meta property=\"article:published_time\" content=\"2019-09-28T16:10:56+00:00\" \/>\n<meta property=\"article:modified_time\" content=\"2019-09-28T16:16:42+00:00\" \/>\n<meta property=\"og:image\" content=\"https:\/\/lystfiskerforening.dk\/wp-content\/uploads\/2019\/09\/LRG__DSC7139-3.jpg\" \/>\n\t<meta property=\"og:image:width\" content=\"1616\" \/>\n\t<meta property=\"og:image:height\" content=\"1080\" \/>\n\t<meta property=\"og:image:type\" content=\"image\/jpeg\" \/>\n<meta name=\"author\" content=\"Christian Kjeldsen\" \/>\n<meta name=\"twitter:card\" content=\"summary_large_image\" \/>\n<meta name=\"twitter:creator\" content=\"@bidtafnatur\" \/>\n<meta name=\"twitter:label1\" content=\"Skrevet af\" \/>\n\t<meta name=\"twitter:data1\" content=\"Christian Kjeldsen\" \/>\n\t<meta name=\"twitter:label2\" content=\"Estimeret l\u00e6setid\" \/>\n\t<meta name=\"twitter:data2\" content=\"3 minutter\" \/>\n<script type=\"application\/ld+json\" class=\"yoast-schema-graph\">{\"@context\":\"https:\\\/\\\/schema.org\",\"@graph\":[{\"@type\":\"Article\",\"@id\":\"https:\\\/\\\/lystfiskerforening.dk\\\/?p=7648#article\",\"isPartOf\":{\"@id\":\"https:\\\/\\\/lystfiskerforening.dk\\\/?p=7648\"},\"author\":{\"name\":\"Christian Kjeldsen\",\"@id\":\"https:\\\/\\\/lystfiskerforening.dk\\\/#\\\/schema\\\/person\\\/855d47e64cde7eeb8119af5ed1a2743e\"},\"headline\":\"Vandpleje &#8211; Efter\u00e5r 2019\",\"datePublished\":\"2019-09-28T16:10:56+00:00\",\"dateModified\":\"2019-09-28T16:16:42+00:00\",\"mainEntityOfPage\":{\"@id\":\"https:\\\/\\\/lystfiskerforening.dk\\\/?p=7648\"},\"wordCount\":544,\"commentCount\":0,\"image\":{\"@id\":\"https:\\\/\\\/lystfiskerforening.dk\\\/?p=7648#primaryimage\"},\"thumbnailUrl\":\"https:\\\/\\\/lystfiskerforening.dk\\\/wp-content\\\/uploads\\\/2019\\\/09\\\/LRG__DSC7139-3.jpg\",\"keywords\":[\"2019\",\"odder \u00e5\",\"vandpleje\"],\"articleSection\":[\"Info\"],\"inLanguage\":\"da-DK\",\"potentialAction\":[{\"@type\":\"CommentAction\",\"name\":\"Comment\",\"target\":[\"https:\\\/\\\/lystfiskerforening.dk\\\/?p=7648#respond\"]}]},{\"@type\":\"WebPage\",\"@id\":\"https:\\\/\\\/lystfiskerforening.dk\\\/?p=7648\",\"url\":\"https:\\\/\\\/lystfiskerforening.dk\\\/?p=7648\",\"name\":\"Vandpleje - Efter\u00e5r 2019 - Odder Sportsfiskerforening\",\"isPartOf\":{\"@id\":\"https:\\\/\\\/lystfiskerforening.dk\\\/#website\"},\"primaryImageOfPage\":{\"@id\":\"https:\\\/\\\/lystfiskerforening.dk\\\/?p=7648#primaryimage\"},\"image\":{\"@id\":\"https:\\\/\\\/lystfiskerforening.dk\\\/?p=7648#primaryimage\"},\"thumbnailUrl\":\"https:\\\/\\\/lystfiskerforening.dk\\\/wp-content\\\/uploads\\\/2019\\\/09\\\/LRG__DSC7139-3.jpg\",\"datePublished\":\"2019-09-28T16:10:56+00:00\",\"dateModified\":\"2019-09-28T16:16:42+00:00\",\"author\":{\"@id\":\"https:\\\/\\\/lystfiskerforening.dk\\\/#\\\/schema\\\/person\\\/855d47e64cde7eeb8119af5ed1a2743e\"},\"description\":\"L\u00f8rdag d. 28 september var der i OSF regi arrangeret en vandplejedag til gl\u00e6de for \u00e5ens \u00f8rreder. P\u00e5 dagen m\u00f8dte 5 medlemmer op med gummist\u00f8vler, waders og haveredskaber - klar til kamp imod naturen og mennesket. S\u00e5dan gik det ->\",\"breadcrumb\":{\"@id\":\"https:\\\/\\\/lystfiskerforening.dk\\\/?p=7648#breadcrumb\"},\"inLanguage\":\"da-DK\",\"potentialAction\":[{\"@type\":\"ReadAction\",\"target\":[\"https:\\\/\\\/lystfiskerforening.dk\\\/?p=7648\"]}]},{\"@type\":\"ImageObject\",\"inLanguage\":\"da-DK\",\"@id\":\"https:\\\/\\\/lystfiskerforening.dk\\\/?p=7648#primaryimage\",\"url\":\"https:\\\/\\\/lystfiskerforening.dk\\\/wp-content\\\/uploads\\\/2019\\\/09\\\/LRG__DSC7139-3.jpg\",\"contentUrl\":\"https:\\\/\\\/lystfiskerforening.dk\\\/wp-content\\\/uploads\\\/2019\\\/09\\\/LRG__DSC7139-3.jpg\",\"width\":1616,\"height\":1080},{\"@type\":\"BreadcrumbList\",\"@id\":\"https:\\\/\\\/lystfiskerforening.dk\\\/?p=7648#breadcrumb\",\"itemListElement\":[{\"@type\":\"ListItem\",\"position\":1,\"name\":\"Hjem\",\"item\":\"https:\\\/\\\/lystfiskerforening.dk\\\/\"},{\"@type\":\"ListItem\",\"position\":2,\"name\":\"Vandpleje &#8211; Efter\u00e5r 2019\"}]},{\"@type\":\"WebSite\",\"@id\":\"https:\\\/\\\/lystfiskerforening.dk\\\/#website\",\"url\":\"https:\\\/\\\/lystfiskerforening.dk\\\/\",\"name\":\"Odder Sportsfiskerforening\",\"description\":\"Stiftet i 1945\",\"potentialAction\":[{\"@type\":\"SearchAction\",\"target\":{\"@type\":\"EntryPoint\",\"urlTemplate\":\"https:\\\/\\\/lystfiskerforening.dk\\\/?s={search_term_string}\"},\"query-input\":{\"@type\":\"PropertyValueSpecification\",\"valueRequired\":true,\"valueName\":\"search_term_string\"}}],\"inLanguage\":\"da-DK\"},{\"@type\":\"Person\",\"@id\":\"https:\\\/\\\/lystfiskerforening.dk\\\/#\\\/schema\\\/person\\\/855d47e64cde7eeb8119af5ed1a2743e\",\"name\":\"Christian Kjeldsen\",\"image\":{\"@type\":\"ImageObject\",\"inLanguage\":\"da-DK\",\"@id\":\"https:\\\/\\\/secure.gravatar.com\\\/avatar\\\/ecf31ec2da8abb934d318854bd71b52beee2f79efaafa8aa996839286fe0db2c?s=96&d=mm&r=g\",\"url\":\"https:\\\/\\\/secure.gravatar.com\\\/avatar\\\/ecf31ec2da8abb934d318854bd71b52beee2f79efaafa8aa996839286fe0db2c?s=96&d=mm&r=g\",\"contentUrl\":\"https:\\\/\\\/secure.gravatar.com\\\/avatar\\\/ecf31ec2da8abb934d318854bd71b52beee2f79efaafa8aa996839286fe0db2c?s=96&d=mm&r=g\",\"caption\":\"Christian Kjeldsen\"},\"sameAs\":[\"http:\\\/\\\/www.fiskekonkurrencer.dk\",\"https:\\\/\\\/www.facebook.com\\\/kjeldsenc\",\"https:\\\/\\\/x.com\\\/bidtafnatur\"],\"url\":\"https:\\\/\\\/lystfiskerforening.dk\\\/?author=1\"}]}<\/script>\n<!-- \/ Yoast SEO plugin. -->","yoast_head_json":{"title":"Vandpleje - Efter\u00e5r 2019 - Odder Sportsfiskerforening","description":"L\u00f8rdag d. 28 september var der i OSF regi arrangeret en vandplejedag til gl\u00e6de for \u00e5ens \u00f8rreder. P\u00e5 dagen m\u00f8dte 5 medlemmer op med gummist\u00f8vler, waders og haveredskaber - klar til kamp imod naturen og mennesket. S\u00e5dan gik det ->","robots":{"index":"index","follow":"follow","max-snippet":"max-snippet:-1","max-image-preview":"max-image-preview:large","max-video-preview":"max-video-preview:-1"},"canonical":"https:\/\/lystfiskerforening.dk\/?p=7648","og_locale":"da_DK","og_type":"article","og_title":"Vandpleje - Efter\u00e5r 2019 - Odder Sportsfiskerforening","og_description":"L\u00f8rdag d. 28 september var der i OSF regi arrangeret en vandplejedag til gl\u00e6de for \u00e5ens \u00f8rreder. P\u00e5 dagen m\u00f8dte 5 medlemmer op med gummist\u00f8vler, waders og haveredskaber - klar til kamp imod naturen og mennesket. S\u00e5dan gik det ->","og_url":"https:\/\/lystfiskerforening.dk\/?p=7648","og_site_name":"Odder Sportsfiskerforening","article_publisher":"https:\/\/www.facebook.com\/odderfisker\/","article_author":"https:\/\/www.facebook.com\/kjeldsenc","article_published_time":"2019-09-28T16:10:56+00:00","article_modified_time":"2019-09-28T16:16:42+00:00","og_image":[{"width":1616,"height":1080,"url":"https:\/\/lystfiskerforening.dk\/wp-content\/uploads\/2019\/09\/LRG__DSC7139-3.jpg","type":"image\/jpeg"}],"author":"Christian Kjeldsen","twitter_card":"summary_large_image","twitter_creator":"@bidtafnatur","twitter_misc":{"Skrevet af":"Christian Kjeldsen","Estimeret l\u00e6setid":"3 minutter"},"schema":{"@context":"https:\/\/schema.org","@graph":[{"@type":"Article","@id":"https:\/\/lystfiskerforening.dk\/?p=7648#article","isPartOf":{"@id":"https:\/\/lystfiskerforening.dk\/?p=7648"},"author":{"name":"Christian Kjeldsen","@id":"https:\/\/lystfiskerforening.dk\/#\/schema\/person\/855d47e64cde7eeb8119af5ed1a2743e"},"headline":"Vandpleje &#8211; Efter\u00e5r 2019","datePublished":"2019-09-28T16:10:56+00:00","dateModified":"2019-09-28T16:16:42+00:00","mainEntityOfPage":{"@id":"https:\/\/lystfiskerforening.dk\/?p=7648"},"wordCount":544,"commentCount":0,"image":{"@id":"https:\/\/lystfiskerforening.dk\/?p=7648#primaryimage"},"thumbnailUrl":"https:\/\/lystfiskerforening.dk\/wp-content\/uploads\/2019\/09\/LRG__DSC7139-3.jpg","keywords":["2019","odder \u00e5","vandpleje"],"articleSection":["Info"],"inLanguage":"da-DK","potentialAction":[{"@type":"CommentAction","name":"Comment","target":["https:\/\/lystfiskerforening.dk\/?p=7648#respond"]}]},{"@type":"WebPage","@id":"https:\/\/lystfiskerforening.dk\/?p=7648","url":"https:\/\/lystfiskerforening.dk\/?p=7648","name":"Vandpleje - Efter\u00e5r 2019 - Odder Sportsfiskerforening","isPartOf":{"@id":"https:\/\/lystfiskerforening.dk\/#website"},"primaryImageOfPage":{"@id":"https:\/\/lystfiskerforening.dk\/?p=7648#primaryimage"},"image":{"@id":"https:\/\/lystfiskerforening.dk\/?p=7648#primaryimage"},"thumbnailUrl":"https:\/\/lystfiskerforening.dk\/wp-content\/uploads\/2019\/09\/LRG__DSC7139-3.jpg","datePublished":"2019-09-28T16:10:56+00:00","dateModified":"2019-09-28T16:16:42+00:00","author":{"@id":"https:\/\/lystfiskerforening.dk\/#\/schema\/person\/855d47e64cde7eeb8119af5ed1a2743e"},"description":"L\u00f8rdag d. 28 september var der i OSF regi arrangeret en vandplejedag til gl\u00e6de for \u00e5ens \u00f8rreder. P\u00e5 dagen m\u00f8dte 5 medlemmer op med gummist\u00f8vler, waders og haveredskaber - klar til kamp imod naturen og mennesket. S\u00e5dan gik det ->","breadcrumb":{"@id":"https:\/\/lystfiskerforening.dk\/?p=7648#breadcrumb"},"inLanguage":"da-DK","potentialAction":[{"@type":"ReadAction","target":["https:\/\/lystfiskerforening.dk\/?p=7648"]}]},{"@type":"ImageObject","inLanguage":"da-DK","@id":"https:\/\/lystfiskerforening.dk\/?p=7648#primaryimage","url":"https:\/\/lystfiskerforening.dk\/wp-content\/uploads\/2019\/09\/LRG__DSC7139-3.jpg","contentUrl":"https:\/\/lystfiskerforening.dk\/wp-content\/uploads\/2019\/09\/LRG__DSC7139-3.jpg","width":1616,"height":1080},{"@type":"BreadcrumbList","@id":"https:\/\/lystfiskerforening.dk\/?p=7648#breadcrumb","itemListElement":[{"@type":"ListItem","position":1,"name":"Hjem","item":"https:\/\/lystfiskerforening.dk\/"},{"@type":"ListItem","position":2,"name":"Vandpleje &#8211; Efter\u00e5r 2019"}]},{"@type":"WebSite","@id":"https:\/\/lystfiskerforening.dk\/#website","url":"https:\/\/lystfiskerforening.dk\/","name":"Odder Sportsfiskerforening","description":"Stiftet i 1945","potentialAction":[{"@type":"SearchAction","target":{"@type":"EntryPoint","urlTemplate":"https:\/\/lystfiskerforening.dk\/?s={search_term_string}"},"query-input":{"@type":"PropertyValueSpecification","valueRequired":true,"valueName":"search_term_string"}}],"inLanguage":"da-DK"},{"@type":"Person","@id":"https:\/\/lystfiskerforening.dk\/#\/schema\/person\/855d47e64cde7eeb8119af5ed1a2743e","name":"Christian Kjeldsen","image":{"@type":"ImageObject","inLanguage":"da-DK","@id":"https:\/\/secure.gravatar.com\/avatar\/ecf31ec2da8abb934d318854bd71b52beee2f79efaafa8aa996839286fe0db2c?s=96&d=mm&r=g","url":"https:\/\/secure.gravatar.com\/avatar\/ecf31ec2da8abb934d318854bd71b52beee2f79efaafa8aa996839286fe0db2c?s=96&d=mm&r=g","contentUrl":"https:\/\/secure.gravatar.com\/avatar\/ecf31ec2da8abb934d318854bd71b52beee2f79efaafa8aa996839286fe0db2c?s=96&d=mm&r=g","caption":"Christian Kjeldsen"},"sameAs":["http:\/\/www.fiskekonkurrencer.dk","https:\/\/www.facebook.com\/kjeldsenc","https:\/\/x.com\/bidtafnatur"],"url":"https:\/\/lystfiskerforening.dk\/?author=1"}]}},"_links":{"self":[{"href":"https:\/\/lystfiskerforening.dk\/index.php?rest_route=\/wp\/v2\/posts\/7648","targetHints":{"allow":["GET"]}}],"collection":[{"href":"https:\/\/lystfiskerforening.dk\/index.php?rest_route=\/wp\/v2\/posts"}],"about":[{"href":"https:\/\/lystfiskerforening.dk\/index.php?rest_route=\/wp\/v2\/types\/post"}],"author":[{"embeddable":true,"href":"https:\/\/lystfiskerforening.dk\/index.php?rest_route=\/wp\/v2\/users\/1"}],"replies":[{"embeddable":true,"href":"https:\/\/lystfiskerforening.dk\/index.php?rest_route=%2Fwp%2Fv2%2Fcomments&post=7648"}],"version-history":[{"count":9,"href":"https:\/\/lystfiskerforening.dk\/index.php?rest_route=\/wp\/v2\/posts\/7648\/revisions"}],"predecessor-version":[{"id":7695,"href":"https:\/\/lystfiskerforening.dk\/index.php?rest_route=\/wp\/v2\/posts\/7648\/revisions\/7695"}],"wp:featuredmedia":[{"embeddable":true,"href":"https:\/\/lystfiskerforening.dk\/index.php?rest_route=\/wp\/v2\/media\/7650"}],"wp:attachment":[{"href":"https:\/\/lystfiskerforening.dk\/index.php?rest_route=%2Fwp%2Fv2%2Fmedia&parent=7648"}],"wp:term":[{"taxonomy":"category","embeddable":true,"href":"https:\/\/lystfiskerforening.dk\/index.php?rest_route=%2Fwp%2Fv2%2Fcategories&post=7648"},{"taxonomy":"post_tag","embeddable":true,"href":"https:\/\/lystfiskerforening.dk\/index.php?rest_route=%2Fwp%2Fv2%2Ftags&post=7648"}],"curies":[{"name":"wp","href":"https:\/\/api.w.org\/{rel}","templated":true}]}}