{"id":4312,"date":"2019-02-15T18:20:30","date_gmt":"2019-02-15T17:20:30","guid":{"rendered":"http:\/\/lystfiskerforening.dk\/?p=4312"},"modified":"2019-02-15T18:20:30","modified_gmt":"2019-02-15T17:20:30","slug":"aflysning-af-grejdag-d-23-februar","status":"publish","type":"post","link":"https:\/\/lystfiskerforening.dk\/?p=4312","title":{"rendered":"Aflysning af Grejdag d. 23 februar"},"content":{"rendered":"<p>Den planlagte Grejdag d. 23 februar. Hvor det ville have v\u00e6ret muligt at K\u00f8b\/Salg\/Bytte grej aflyses p\u00e5 grund af for f\u00e5 boder.<\/p>\n<p>I alt har 2 henvendt sig med \u00f8nske om at have en bod.<\/p>\n<p>Vi m\u00e5 derfor konkluderer, at det ikke er noget vi skal fors\u00f8ge os med igen i fremtiden (i hvert fald ikke forel\u00f8bigt).<\/p>\n<div class=\"text_exposed_show\">\n<p>Skulle man f\u00e5 lyst til at s\u00e6lge grej i l\u00f8bet af \u00e5ret. S\u00e5 vil der v\u00e6re mulighed for at have det til salg i forbindelse med vores &#8220;Ude med teltet&#8221; arrangementer hvor vi er ude for at vise OSF fanen frem.<\/p>\n<p>&nbsp;<\/p>\n<p><strong>Datoer for disse er:<\/strong><\/p>\n<ul>\n<li>8. juni &#8211; Norsminde For Fulde Sejl<\/li>\n<li>3. August &#8211; Odder Kr\u00e6mmermarked<\/li>\n<\/ul>\n<p>&nbsp;<\/p>\n<p><em><strong>Man skal dog selv v\u00e6re til stede under arrangement s\u00e5fremt man \u00f8nsker at s\u00e6lge noget.<\/strong><\/em><\/p>\n<p>&nbsp;<\/p>\n<p>Billedet er fra grejhygge ved stampem\u00f8llen i l\u00f8rdags.\u00a0<span class=\"_5mfr\"><span class=\"_6qdm\">\ud83d\ude42<\/span><\/span><\/p>\n<\/div>\n","protected":false},"excerpt":{"rendered":"<p>Den planlagte Grejdag d. 23 februar. Hvor det ville have v\u00e6ret muligt at K\u00f8b\/Salg\/Bytte grej aflyses p\u00e5 grund af for f\u00e5 boder. I alt har 2 henvendt sig med \u00f8nske om at have en bod. Vi m\u00e5 derfor konkluderer, at det ikke er noget vi skal fors\u00f8ge os med igen i fremtiden (i hvert fald [&hellip;]<\/p>\n","protected":false},"author":1,"featured_media":4314,"comment_status":"open","ping_status":"open","sticky":false,"template":"","format":"standard","meta":{"footnotes":""},"categories":[19],"tags":[264,268,273],"class_list":["post-4312","post","type-post","status-publish","format-standard","has-post-thumbnail","hentry","category-info","tag-264","tag-aflysning","tag-grejdag"],"yoast_head":"<!-- This site is optimized with the Yoast SEO plugin v27.5 - https:\/\/yoast.com\/product\/yoast-seo-wordpress\/ -->\n<title>Aflysning af Grejdag d. 23 februar - Odder Sportsfiskerforening<\/title>\n<meta name=\"robots\" content=\"index, follow, max-snippet:-1, max-image-preview:large, max-video-preview:-1\" \/>\n<link rel=\"canonical\" href=\"https:\/\/lystfiskerforening.dk\/?p=4312\" \/>\n<meta property=\"og:locale\" content=\"da_DK\" \/>\n<meta property=\"og:type\" content=\"article\" \/>\n<meta property=\"og:title\" content=\"Aflysning af Grejdag d. 23 februar - Odder Sportsfiskerforening\" \/>\n<meta property=\"og:description\" content=\"Den planlagte Grejdag d. 23 februar. Hvor det ville have v\u00e6ret muligt at K\u00f8b\/Salg\/Bytte grej aflyses p\u00e5 grund af for f\u00e5 boder. I alt har 2 henvendt sig med \u00f8nske om at have en bod. Vi m\u00e5 derfor konkluderer, at det ikke er noget vi skal fors\u00f8ge os med igen i fremtiden (i hvert fald [&hellip;]\" \/>\n<meta property=\"og:url\" content=\"https:\/\/lystfiskerforening.dk\/?p=4312\" \/>\n<meta property=\"og:site_name\" content=\"Odder Sportsfiskerforening\" \/>\n<meta property=\"article:publisher\" content=\"https:\/\/www.facebook.com\/odderfisker\/\" \/>\n<meta property=\"article:author\" content=\"https:\/\/www.facebook.com\/kjeldsenc\" \/>\n<meta property=\"article:published_time\" content=\"2019-02-15T17:20:30+00:00\" \/>\n<meta property=\"og:image\" content=\"https:\/\/lystfiskerforening.dk\/wp-content\/uploads\/2019\/02\/20190209_112201.jpg\" \/>\n\t<meta property=\"og:image:width\" content=\"2048\" \/>\n\t<meta property=\"og:image:height\" content=\"1536\" \/>\n\t<meta property=\"og:image:type\" content=\"image\/jpeg\" \/>\n<meta name=\"author\" content=\"Christian Kjeldsen\" \/>\n<meta name=\"twitter:card\" content=\"summary_large_image\" \/>\n<meta name=\"twitter:creator\" content=\"@bidtafnatur\" \/>\n<meta name=\"twitter:label1\" content=\"Skrevet af\" \/>\n\t<meta name=\"twitter:data1\" content=\"Christian Kjeldsen\" \/>\n\t<meta name=\"twitter:label2\" content=\"Estimeret l\u00e6setid\" \/>\n\t<meta name=\"twitter:data2\" content=\"1 minut\" \/>\n<script type=\"application\/ld+json\" class=\"yoast-schema-graph\">{\"@context\":\"https:\\\/\\\/schema.org\",\"@graph\":[{\"@type\":\"Article\",\"@id\":\"https:\\\/\\\/lystfiskerforening.dk\\\/?p=4312#article\",\"isPartOf\":{\"@id\":\"https:\\\/\\\/lystfiskerforening.dk\\\/?p=4312\"},\"author\":{\"name\":\"Christian Kjeldsen\",\"@id\":\"https:\\\/\\\/lystfiskerforening.dk\\\/#\\\/schema\\\/person\\\/855d47e64cde7eeb8119af5ed1a2743e\"},\"headline\":\"Aflysning af Grejdag d. 23 februar\",\"datePublished\":\"2019-02-15T17:20:30+00:00\",\"mainEntityOfPage\":{\"@id\":\"https:\\\/\\\/lystfiskerforening.dk\\\/?p=4312\"},\"wordCount\":156,\"commentCount\":0,\"image\":{\"@id\":\"https:\\\/\\\/lystfiskerforening.dk\\\/?p=4312#primaryimage\"},\"thumbnailUrl\":\"https:\\\/\\\/lystfiskerforening.dk\\\/wp-content\\\/uploads\\\/2019\\\/02\\\/20190209_112201.jpg\",\"keywords\":[\"2019\",\"aflysning\",\"grejdag\"],\"articleSection\":[\"Info\"],\"inLanguage\":\"da-DK\",\"potentialAction\":[{\"@type\":\"CommentAction\",\"name\":\"Comment\",\"target\":[\"https:\\\/\\\/lystfiskerforening.dk\\\/?p=4312#respond\"]}]},{\"@type\":\"WebPage\",\"@id\":\"https:\\\/\\\/lystfiskerforening.dk\\\/?p=4312\",\"url\":\"https:\\\/\\\/lystfiskerforening.dk\\\/?p=4312\",\"name\":\"Aflysning af Grejdag d. 23 februar - Odder Sportsfiskerforening\",\"isPartOf\":{\"@id\":\"https:\\\/\\\/lystfiskerforening.dk\\\/#website\"},\"primaryImageOfPage\":{\"@id\":\"https:\\\/\\\/lystfiskerforening.dk\\\/?p=4312#primaryimage\"},\"image\":{\"@id\":\"https:\\\/\\\/lystfiskerforening.dk\\\/?p=4312#primaryimage\"},\"thumbnailUrl\":\"https:\\\/\\\/lystfiskerforening.dk\\\/wp-content\\\/uploads\\\/2019\\\/02\\\/20190209_112201.jpg\",\"datePublished\":\"2019-02-15T17:20:30+00:00\",\"author\":{\"@id\":\"https:\\\/\\\/lystfiskerforening.dk\\\/#\\\/schema\\\/person\\\/855d47e64cde7eeb8119af5ed1a2743e\"},\"breadcrumb\":{\"@id\":\"https:\\\/\\\/lystfiskerforening.dk\\\/?p=4312#breadcrumb\"},\"inLanguage\":\"da-DK\",\"potentialAction\":[{\"@type\":\"ReadAction\",\"target\":[\"https:\\\/\\\/lystfiskerforening.dk\\\/?p=4312\"]}]},{\"@type\":\"ImageObject\",\"inLanguage\":\"da-DK\",\"@id\":\"https:\\\/\\\/lystfiskerforening.dk\\\/?p=4312#primaryimage\",\"url\":\"https:\\\/\\\/lystfiskerforening.dk\\\/wp-content\\\/uploads\\\/2019\\\/02\\\/20190209_112201.jpg\",\"contentUrl\":\"https:\\\/\\\/lystfiskerforening.dk\\\/wp-content\\\/uploads\\\/2019\\\/02\\\/20190209_112201.jpg\",\"width\":2048,\"height\":1536,\"caption\":\"Billedet er fra grejhygge i l\u00f8rdags.\"},{\"@type\":\"BreadcrumbList\",\"@id\":\"https:\\\/\\\/lystfiskerforening.dk\\\/?p=4312#breadcrumb\",\"itemListElement\":[{\"@type\":\"ListItem\",\"position\":1,\"name\":\"Hjem\",\"item\":\"https:\\\/\\\/lystfiskerforening.dk\\\/\"},{\"@type\":\"ListItem\",\"position\":2,\"name\":\"Aflysning af Grejdag d. 23 februar\"}]},{\"@type\":\"WebSite\",\"@id\":\"https:\\\/\\\/lystfiskerforening.dk\\\/#website\",\"url\":\"https:\\\/\\\/lystfiskerforening.dk\\\/\",\"name\":\"Odder Sportsfiskerforening\",\"description\":\"Stiftet i 1945\",\"potentialAction\":[{\"@type\":\"SearchAction\",\"target\":{\"@type\":\"EntryPoint\",\"urlTemplate\":\"https:\\\/\\\/lystfiskerforening.dk\\\/?s={search_term_string}\"},\"query-input\":{\"@type\":\"PropertyValueSpecification\",\"valueRequired\":true,\"valueName\":\"search_term_string\"}}],\"inLanguage\":\"da-DK\"},{\"@type\":\"Person\",\"@id\":\"https:\\\/\\\/lystfiskerforening.dk\\\/#\\\/schema\\\/person\\\/855d47e64cde7eeb8119af5ed1a2743e\",\"name\":\"Christian Kjeldsen\",\"image\":{\"@type\":\"ImageObject\",\"inLanguage\":\"da-DK\",\"@id\":\"https:\\\/\\\/secure.gravatar.com\\\/avatar\\\/ecf31ec2da8abb934d318854bd71b52beee2f79efaafa8aa996839286fe0db2c?s=96&d=mm&r=g\",\"url\":\"https:\\\/\\\/secure.gravatar.com\\\/avatar\\\/ecf31ec2da8abb934d318854bd71b52beee2f79efaafa8aa996839286fe0db2c?s=96&d=mm&r=g\",\"contentUrl\":\"https:\\\/\\\/secure.gravatar.com\\\/avatar\\\/ecf31ec2da8abb934d318854bd71b52beee2f79efaafa8aa996839286fe0db2c?s=96&d=mm&r=g\",\"caption\":\"Christian Kjeldsen\"},\"sameAs\":[\"http:\\\/\\\/www.fiskekonkurrencer.dk\",\"https:\\\/\\\/www.facebook.com\\\/kjeldsenc\",\"https:\\\/\\\/x.com\\\/bidtafnatur\"],\"url\":\"https:\\\/\\\/lystfiskerforening.dk\\\/?author=1\"}]}<\/script>\n<!-- \/ Yoast SEO plugin. -->","yoast_head_json":{"title":"Aflysning af Grejdag d. 23 februar - Odder Sportsfiskerforening","robots":{"index":"index","follow":"follow","max-snippet":"max-snippet:-1","max-image-preview":"max-image-preview:large","max-video-preview":"max-video-preview:-1"},"canonical":"https:\/\/lystfiskerforening.dk\/?p=4312","og_locale":"da_DK","og_type":"article","og_title":"Aflysning af Grejdag d. 23 februar - Odder Sportsfiskerforening","og_description":"Den planlagte Grejdag d. 23 februar. Hvor det ville have v\u00e6ret muligt at K\u00f8b\/Salg\/Bytte grej aflyses p\u00e5 grund af for f\u00e5 boder. I alt har 2 henvendt sig med \u00f8nske om at have en bod. Vi m\u00e5 derfor konkluderer, at det ikke er noget vi skal fors\u00f8ge os med igen i fremtiden (i hvert fald [&hellip;]","og_url":"https:\/\/lystfiskerforening.dk\/?p=4312","og_site_name":"Odder Sportsfiskerforening","article_publisher":"https:\/\/www.facebook.com\/odderfisker\/","article_author":"https:\/\/www.facebook.com\/kjeldsenc","article_published_time":"2019-02-15T17:20:30+00:00","og_image":[{"width":2048,"height":1536,"url":"https:\/\/lystfiskerforening.dk\/wp-content\/uploads\/2019\/02\/20190209_112201.jpg","type":"image\/jpeg"}],"author":"Christian Kjeldsen","twitter_card":"summary_large_image","twitter_creator":"@bidtafnatur","twitter_misc":{"Skrevet af":"Christian Kjeldsen","Estimeret l\u00e6setid":"1 minut"},"schema":{"@context":"https:\/\/schema.org","@graph":[{"@type":"Article","@id":"https:\/\/lystfiskerforening.dk\/?p=4312#article","isPartOf":{"@id":"https:\/\/lystfiskerforening.dk\/?p=4312"},"author":{"name":"Christian Kjeldsen","@id":"https:\/\/lystfiskerforening.dk\/#\/schema\/person\/855d47e64cde7eeb8119af5ed1a2743e"},"headline":"Aflysning af Grejdag d. 23 februar","datePublished":"2019-02-15T17:20:30+00:00","mainEntityOfPage":{"@id":"https:\/\/lystfiskerforening.dk\/?p=4312"},"wordCount":156,"commentCount":0,"image":{"@id":"https:\/\/lystfiskerforening.dk\/?p=4312#primaryimage"},"thumbnailUrl":"https:\/\/lystfiskerforening.dk\/wp-content\/uploads\/2019\/02\/20190209_112201.jpg","keywords":["2019","aflysning","grejdag"],"articleSection":["Info"],"inLanguage":"da-DK","potentialAction":[{"@type":"CommentAction","name":"Comment","target":["https:\/\/lystfiskerforening.dk\/?p=4312#respond"]}]},{"@type":"WebPage","@id":"https:\/\/lystfiskerforening.dk\/?p=4312","url":"https:\/\/lystfiskerforening.dk\/?p=4312","name":"Aflysning af Grejdag d. 23 februar - Odder Sportsfiskerforening","isPartOf":{"@id":"https:\/\/lystfiskerforening.dk\/#website"},"primaryImageOfPage":{"@id":"https:\/\/lystfiskerforening.dk\/?p=4312#primaryimage"},"image":{"@id":"https:\/\/lystfiskerforening.dk\/?p=4312#primaryimage"},"thumbnailUrl":"https:\/\/lystfiskerforening.dk\/wp-content\/uploads\/2019\/02\/20190209_112201.jpg","datePublished":"2019-02-15T17:20:30+00:00","author":{"@id":"https:\/\/lystfiskerforening.dk\/#\/schema\/person\/855d47e64cde7eeb8119af5ed1a2743e"},"breadcrumb":{"@id":"https:\/\/lystfiskerforening.dk\/?p=4312#breadcrumb"},"inLanguage":"da-DK","potentialAction":[{"@type":"ReadAction","target":["https:\/\/lystfiskerforening.dk\/?p=4312"]}]},{"@type":"ImageObject","inLanguage":"da-DK","@id":"https:\/\/lystfiskerforening.dk\/?p=4312#primaryimage","url":"https:\/\/lystfiskerforening.dk\/wp-content\/uploads\/2019\/02\/20190209_112201.jpg","contentUrl":"https:\/\/lystfiskerforening.dk\/wp-content\/uploads\/2019\/02\/20190209_112201.jpg","width":2048,"height":1536,"caption":"Billedet er fra grejhygge i l\u00f8rdags."},{"@type":"BreadcrumbList","@id":"https:\/\/lystfiskerforening.dk\/?p=4312#breadcrumb","itemListElement":[{"@type":"ListItem","position":1,"name":"Hjem","item":"https:\/\/lystfiskerforening.dk\/"},{"@type":"ListItem","position":2,"name":"Aflysning af Grejdag d. 23 februar"}]},{"@type":"WebSite","@id":"https:\/\/lystfiskerforening.dk\/#website","url":"https:\/\/lystfiskerforening.dk\/","name":"Odder Sportsfiskerforening","description":"Stiftet i 1945","potentialAction":[{"@type":"SearchAction","target":{"@type":"EntryPoint","urlTemplate":"https:\/\/lystfiskerforening.dk\/?s={search_term_string}"},"query-input":{"@type":"PropertyValueSpecification","valueRequired":true,"valueName":"search_term_string"}}],"inLanguage":"da-DK"},{"@type":"Person","@id":"https:\/\/lystfiskerforening.dk\/#\/schema\/person\/855d47e64cde7eeb8119af5ed1a2743e","name":"Christian Kjeldsen","image":{"@type":"ImageObject","inLanguage":"da-DK","@id":"https:\/\/secure.gravatar.com\/avatar\/ecf31ec2da8abb934d318854bd71b52beee2f79efaafa8aa996839286fe0db2c?s=96&d=mm&r=g","url":"https:\/\/secure.gravatar.com\/avatar\/ecf31ec2da8abb934d318854bd71b52beee2f79efaafa8aa996839286fe0db2c?s=96&d=mm&r=g","contentUrl":"https:\/\/secure.gravatar.com\/avatar\/ecf31ec2da8abb934d318854bd71b52beee2f79efaafa8aa996839286fe0db2c?s=96&d=mm&r=g","caption":"Christian Kjeldsen"},"sameAs":["http:\/\/www.fiskekonkurrencer.dk","https:\/\/www.facebook.com\/kjeldsenc","https:\/\/x.com\/bidtafnatur"],"url":"https:\/\/lystfiskerforening.dk\/?author=1"}]}},"_links":{"self":[{"href":"https:\/\/lystfiskerforening.dk\/index.php?rest_route=\/wp\/v2\/posts\/4312","targetHints":{"allow":["GET"]}}],"collection":[{"href":"https:\/\/lystfiskerforening.dk\/index.php?rest_route=\/wp\/v2\/posts"}],"about":[{"href":"https:\/\/lystfiskerforening.dk\/index.php?rest_route=\/wp\/v2\/types\/post"}],"author":[{"embeddable":true,"href":"https:\/\/lystfiskerforening.dk\/index.php?rest_route=\/wp\/v2\/users\/1"}],"replies":[{"embeddable":true,"href":"https:\/\/lystfiskerforening.dk\/index.php?rest_route=%2Fwp%2Fv2%2Fcomments&post=4312"}],"version-history":[{"count":3,"href":"https:\/\/lystfiskerforening.dk\/index.php?rest_route=\/wp\/v2\/posts\/4312\/revisions"}],"predecessor-version":[{"id":4317,"href":"https:\/\/lystfiskerforening.dk\/index.php?rest_route=\/wp\/v2\/posts\/4312\/revisions\/4317"}],"wp:featuredmedia":[{"embeddable":true,"href":"https:\/\/lystfiskerforening.dk\/index.php?rest_route=\/wp\/v2\/media\/4314"}],"wp:attachment":[{"href":"https:\/\/lystfiskerforening.dk\/index.php?rest_route=%2Fwp%2Fv2%2Fmedia&parent=4312"}],"wp:term":[{"taxonomy":"category","embeddable":true,"href":"https:\/\/lystfiskerforening.dk\/index.php?rest_route=%2Fwp%2Fv2%2Fcategories&post=4312"},{"taxonomy":"post_tag","embeddable":true,"href":"https:\/\/lystfiskerforening.dk\/index.php?rest_route=%2Fwp%2Fv2%2Ftags&post=4312"}],"curies":[{"name":"wp","href":"https:\/\/api.w.org\/{rel}","templated":true}]}}