{"id":4248,"date":"2019-01-30T19:26:01","date_gmt":"2019-01-30T18:26:01","guid":{"rendered":"http:\/\/lystfiskerforening.dk\/?p=4248"},"modified":"2019-01-30T19:26:01","modified_gmt":"2019-01-30T18:26:01","slug":"aflysning-af-odder-aa-premieren","status":"publish","type":"post","link":"https:\/\/lystfiskerforening.dk\/?p=4248","title":{"rendered":"Aflysning af Odder \u00c5 premieren."},"content":{"rendered":"<div dir=\"ltr\">P\u00e5 grund af manglende tilmeldinger til s\u00f8ndagens Odder \u00c5 premier aflyses f\u00e6lles arrangementet.<\/p>\n<\/div>\n<div dir=\"ltr\">\n<div>De manglende tilmeldinger skyldes formentlig den kulde vi oplever pt. Kulde er ofte den st\u00f8rste \u00e5rsag til at de fleste s\u00e6tte deres fiskeri i bero p\u00e5 denne tid af \u00e5ret.<br \/>\nMan er dog mere end velkommen til at selv at tage en tur til \u00e5en p\u00e5 s\u00f8ndag. For selvom vi ikke afholder premieren \u00e5bnes \u00e5en stadigv\u00e6k op for fiskeri.<\/p>\n<p>I kan l\u00e6se om de aktuelle regler for fiskeriet i \u00e5en, parkering, samt hvor der m\u00e5 fiskes via dette link:\u00a0<a href=\"https:\/\/lystfiskerforening.dk\/fiskevand-odder-aa\/\">https:\/\/lystfiskerforening.dk\/fiskevand-odder-aa\/<\/a><\/div>\n<\/div>\n<div><\/div>\n<div><\/div>\n<div>Med Venlig Hilsen<br \/>\nChristian &#8220;Crede&#8221; Kjeldsen<\/div>\n","protected":false},"excerpt":{"rendered":"<p>P\u00e5 grund af manglende tilmeldinger til s\u00f8ndagens Odder \u00c5 premier aflyses f\u00e6lles arrangementet. De manglende tilmeldinger skyldes formentlig den kulde vi oplever pt. Kulde er ofte den st\u00f8rste \u00e5rsag til at de fleste s\u00e6tte deres fiskeri i bero p\u00e5 denne tid af \u00e5ret. Man er dog mere end velkommen til at selv at tage en [&hellip;]<\/p>\n","protected":false},"author":1,"featured_media":2403,"comment_status":"open","ping_status":"open","sticky":false,"template":"","format":"standard","meta":{"footnotes":""},"categories":[19],"tags":[264,268,140,269],"class_list":["post-4248","post","type-post","status-publish","format-standard","has-post-thumbnail","hentry","category-info","tag-264","tag-aflysning","tag-odder-aa","tag-premier"],"yoast_head":"<!-- This site is optimized with the Yoast SEO plugin v27.5 - https:\/\/yoast.com\/product\/yoast-seo-wordpress\/ -->\n<title>Aflysning af Odder \u00c5 premieren. - Odder Sportsfiskerforening<\/title>\n<meta name=\"robots\" content=\"index, follow, max-snippet:-1, max-image-preview:large, max-video-preview:-1\" \/>\n<link rel=\"canonical\" href=\"https:\/\/lystfiskerforening.dk\/?p=4248\" \/>\n<meta property=\"og:locale\" content=\"da_DK\" \/>\n<meta property=\"og:type\" content=\"article\" \/>\n<meta property=\"og:title\" content=\"Aflysning af Odder \u00c5 premieren. - Odder Sportsfiskerforening\" \/>\n<meta property=\"og:description\" content=\"P\u00e5 grund af manglende tilmeldinger til s\u00f8ndagens Odder \u00c5 premier aflyses f\u00e6lles arrangementet. De manglende tilmeldinger skyldes formentlig den kulde vi oplever pt. Kulde er ofte den st\u00f8rste \u00e5rsag til at de fleste s\u00e6tte deres fiskeri i bero p\u00e5 denne tid af \u00e5ret. Man er dog mere end velkommen til at selv at tage en [&hellip;]\" \/>\n<meta property=\"og:url\" content=\"https:\/\/lystfiskerforening.dk\/?p=4248\" \/>\n<meta property=\"og:site_name\" content=\"Odder Sportsfiskerforening\" \/>\n<meta property=\"article:publisher\" content=\"https:\/\/www.facebook.com\/odderfisker\/\" \/>\n<meta property=\"article:author\" content=\"https:\/\/www.facebook.com\/kjeldsenc\" \/>\n<meta property=\"article:published_time\" content=\"2019-01-30T18:26:01+00:00\" \/>\n<meta property=\"og:image\" content=\"https:\/\/lystfiskerforening.dk\/wp-content\/uploads\/2017\/12\/Odder-\u00c5-Premiere-Februar-2016-07.jpg\" \/>\n\t<meta property=\"og:image:width\" content=\"2048\" \/>\n\t<meta property=\"og:image:height\" content=\"1536\" \/>\n\t<meta property=\"og:image:type\" content=\"image\/jpeg\" \/>\n<meta name=\"author\" content=\"Christian Kjeldsen\" \/>\n<meta name=\"twitter:card\" content=\"summary_large_image\" \/>\n<meta name=\"twitter:creator\" content=\"@bidtafnatur\" \/>\n<meta name=\"twitter:label1\" content=\"Skrevet af\" \/>\n\t<meta name=\"twitter:data1\" content=\"Christian Kjeldsen\" \/>\n\t<meta name=\"twitter:label2\" content=\"Estimeret l\u00e6setid\" \/>\n\t<meta name=\"twitter:data2\" content=\"1 minut\" \/>\n<script type=\"application\/ld+json\" class=\"yoast-schema-graph\">{\"@context\":\"https:\\\/\\\/schema.org\",\"@graph\":[{\"@type\":\"Article\",\"@id\":\"https:\\\/\\\/lystfiskerforening.dk\\\/?p=4248#article\",\"isPartOf\":{\"@id\":\"https:\\\/\\\/lystfiskerforening.dk\\\/?p=4248\"},\"author\":{\"name\":\"Christian Kjeldsen\",\"@id\":\"https:\\\/\\\/lystfiskerforening.dk\\\/#\\\/schema\\\/person\\\/855d47e64cde7eeb8119af5ed1a2743e\"},\"headline\":\"Aflysning af Odder \u00c5 premieren.\",\"datePublished\":\"2019-01-30T18:26:01+00:00\",\"mainEntityOfPage\":{\"@id\":\"https:\\\/\\\/lystfiskerforening.dk\\\/?p=4248\"},\"wordCount\":112,\"commentCount\":0,\"image\":{\"@id\":\"https:\\\/\\\/lystfiskerforening.dk\\\/?p=4248#primaryimage\"},\"thumbnailUrl\":\"https:\\\/\\\/lystfiskerforening.dk\\\/wp-content\\\/uploads\\\/2017\\\/12\\\/Odder-\u00c5-Premiere-Februar-2016-07.jpg\",\"keywords\":[\"2019\",\"aflysning\",\"odder \u00e5\",\"premier\"],\"articleSection\":[\"Info\"],\"inLanguage\":\"da-DK\",\"potentialAction\":[{\"@type\":\"CommentAction\",\"name\":\"Comment\",\"target\":[\"https:\\\/\\\/lystfiskerforening.dk\\\/?p=4248#respond\"]}]},{\"@type\":\"WebPage\",\"@id\":\"https:\\\/\\\/lystfiskerforening.dk\\\/?p=4248\",\"url\":\"https:\\\/\\\/lystfiskerforening.dk\\\/?p=4248\",\"name\":\"Aflysning af Odder \u00c5 premieren. - Odder Sportsfiskerforening\",\"isPartOf\":{\"@id\":\"https:\\\/\\\/lystfiskerforening.dk\\\/#website\"},\"primaryImageOfPage\":{\"@id\":\"https:\\\/\\\/lystfiskerforening.dk\\\/?p=4248#primaryimage\"},\"image\":{\"@id\":\"https:\\\/\\\/lystfiskerforening.dk\\\/?p=4248#primaryimage\"},\"thumbnailUrl\":\"https:\\\/\\\/lystfiskerforening.dk\\\/wp-content\\\/uploads\\\/2017\\\/12\\\/Odder-\u00c5-Premiere-Februar-2016-07.jpg\",\"datePublished\":\"2019-01-30T18:26:01+00:00\",\"author\":{\"@id\":\"https:\\\/\\\/lystfiskerforening.dk\\\/#\\\/schema\\\/person\\\/855d47e64cde7eeb8119af5ed1a2743e\"},\"breadcrumb\":{\"@id\":\"https:\\\/\\\/lystfiskerforening.dk\\\/?p=4248#breadcrumb\"},\"inLanguage\":\"da-DK\",\"potentialAction\":[{\"@type\":\"ReadAction\",\"target\":[\"https:\\\/\\\/lystfiskerforening.dk\\\/?p=4248\"]}]},{\"@type\":\"ImageObject\",\"inLanguage\":\"da-DK\",\"@id\":\"https:\\\/\\\/lystfiskerforening.dk\\\/?p=4248#primaryimage\",\"url\":\"https:\\\/\\\/lystfiskerforening.dk\\\/wp-content\\\/uploads\\\/2017\\\/12\\\/Odder-\u00c5-Premiere-Februar-2016-07.jpg\",\"contentUrl\":\"https:\\\/\\\/lystfiskerforening.dk\\\/wp-content\\\/uploads\\\/2017\\\/12\\\/Odder-\u00c5-Premiere-Februar-2016-07.jpg\",\"width\":2048,\"height\":1536,\"caption\":\"DCIM100GOPROG0020438.\"},{\"@type\":\"BreadcrumbList\",\"@id\":\"https:\\\/\\\/lystfiskerforening.dk\\\/?p=4248#breadcrumb\",\"itemListElement\":[{\"@type\":\"ListItem\",\"position\":1,\"name\":\"Hjem\",\"item\":\"https:\\\/\\\/lystfiskerforening.dk\\\/\"},{\"@type\":\"ListItem\",\"position\":2,\"name\":\"Aflysning af Odder \u00c5 premieren.\"}]},{\"@type\":\"WebSite\",\"@id\":\"https:\\\/\\\/lystfiskerforening.dk\\\/#website\",\"url\":\"https:\\\/\\\/lystfiskerforening.dk\\\/\",\"name\":\"Odder Sportsfiskerforening\",\"description\":\"Stiftet i 1945\",\"potentialAction\":[{\"@type\":\"SearchAction\",\"target\":{\"@type\":\"EntryPoint\",\"urlTemplate\":\"https:\\\/\\\/lystfiskerforening.dk\\\/?s={search_term_string}\"},\"query-input\":{\"@type\":\"PropertyValueSpecification\",\"valueRequired\":true,\"valueName\":\"search_term_string\"}}],\"inLanguage\":\"da-DK\"},{\"@type\":\"Person\",\"@id\":\"https:\\\/\\\/lystfiskerforening.dk\\\/#\\\/schema\\\/person\\\/855d47e64cde7eeb8119af5ed1a2743e\",\"name\":\"Christian Kjeldsen\",\"image\":{\"@type\":\"ImageObject\",\"inLanguage\":\"da-DK\",\"@id\":\"https:\\\/\\\/secure.gravatar.com\\\/avatar\\\/ecf31ec2da8abb934d318854bd71b52beee2f79efaafa8aa996839286fe0db2c?s=96&d=mm&r=g\",\"url\":\"https:\\\/\\\/secure.gravatar.com\\\/avatar\\\/ecf31ec2da8abb934d318854bd71b52beee2f79efaafa8aa996839286fe0db2c?s=96&d=mm&r=g\",\"contentUrl\":\"https:\\\/\\\/secure.gravatar.com\\\/avatar\\\/ecf31ec2da8abb934d318854bd71b52beee2f79efaafa8aa996839286fe0db2c?s=96&d=mm&r=g\",\"caption\":\"Christian Kjeldsen\"},\"sameAs\":[\"http:\\\/\\\/www.fiskekonkurrencer.dk\",\"https:\\\/\\\/www.facebook.com\\\/kjeldsenc\",\"https:\\\/\\\/x.com\\\/bidtafnatur\"],\"url\":\"https:\\\/\\\/lystfiskerforening.dk\\\/?author=1\"}]}<\/script>\n<!-- \/ Yoast SEO plugin. -->","yoast_head_json":{"title":"Aflysning af Odder \u00c5 premieren. - Odder Sportsfiskerforening","robots":{"index":"index","follow":"follow","max-snippet":"max-snippet:-1","max-image-preview":"max-image-preview:large","max-video-preview":"max-video-preview:-1"},"canonical":"https:\/\/lystfiskerforening.dk\/?p=4248","og_locale":"da_DK","og_type":"article","og_title":"Aflysning af Odder \u00c5 premieren. - Odder Sportsfiskerforening","og_description":"P\u00e5 grund af manglende tilmeldinger til s\u00f8ndagens Odder \u00c5 premier aflyses f\u00e6lles arrangementet. De manglende tilmeldinger skyldes formentlig den kulde vi oplever pt. Kulde er ofte den st\u00f8rste \u00e5rsag til at de fleste s\u00e6tte deres fiskeri i bero p\u00e5 denne tid af \u00e5ret. Man er dog mere end velkommen til at selv at tage en [&hellip;]","og_url":"https:\/\/lystfiskerforening.dk\/?p=4248","og_site_name":"Odder Sportsfiskerforening","article_publisher":"https:\/\/www.facebook.com\/odderfisker\/","article_author":"https:\/\/www.facebook.com\/kjeldsenc","article_published_time":"2019-01-30T18:26:01+00:00","og_image":[{"width":2048,"height":1536,"url":"https:\/\/lystfiskerforening.dk\/wp-content\/uploads\/2017\/12\/Odder-\u00c5-Premiere-Februar-2016-07.jpg","type":"image\/jpeg"}],"author":"Christian Kjeldsen","twitter_card":"summary_large_image","twitter_creator":"@bidtafnatur","twitter_misc":{"Skrevet af":"Christian Kjeldsen","Estimeret l\u00e6setid":"1 minut"},"schema":{"@context":"https:\/\/schema.org","@graph":[{"@type":"Article","@id":"https:\/\/lystfiskerforening.dk\/?p=4248#article","isPartOf":{"@id":"https:\/\/lystfiskerforening.dk\/?p=4248"},"author":{"name":"Christian Kjeldsen","@id":"https:\/\/lystfiskerforening.dk\/#\/schema\/person\/855d47e64cde7eeb8119af5ed1a2743e"},"headline":"Aflysning af Odder \u00c5 premieren.","datePublished":"2019-01-30T18:26:01+00:00","mainEntityOfPage":{"@id":"https:\/\/lystfiskerforening.dk\/?p=4248"},"wordCount":112,"commentCount":0,"image":{"@id":"https:\/\/lystfiskerforening.dk\/?p=4248#primaryimage"},"thumbnailUrl":"https:\/\/lystfiskerforening.dk\/wp-content\/uploads\/2017\/12\/Odder-\u00c5-Premiere-Februar-2016-07.jpg","keywords":["2019","aflysning","odder \u00e5","premier"],"articleSection":["Info"],"inLanguage":"da-DK","potentialAction":[{"@type":"CommentAction","name":"Comment","target":["https:\/\/lystfiskerforening.dk\/?p=4248#respond"]}]},{"@type":"WebPage","@id":"https:\/\/lystfiskerforening.dk\/?p=4248","url":"https:\/\/lystfiskerforening.dk\/?p=4248","name":"Aflysning af Odder \u00c5 premieren. - Odder Sportsfiskerforening","isPartOf":{"@id":"https:\/\/lystfiskerforening.dk\/#website"},"primaryImageOfPage":{"@id":"https:\/\/lystfiskerforening.dk\/?p=4248#primaryimage"},"image":{"@id":"https:\/\/lystfiskerforening.dk\/?p=4248#primaryimage"},"thumbnailUrl":"https:\/\/lystfiskerforening.dk\/wp-content\/uploads\/2017\/12\/Odder-\u00c5-Premiere-Februar-2016-07.jpg","datePublished":"2019-01-30T18:26:01+00:00","author":{"@id":"https:\/\/lystfiskerforening.dk\/#\/schema\/person\/855d47e64cde7eeb8119af5ed1a2743e"},"breadcrumb":{"@id":"https:\/\/lystfiskerforening.dk\/?p=4248#breadcrumb"},"inLanguage":"da-DK","potentialAction":[{"@type":"ReadAction","target":["https:\/\/lystfiskerforening.dk\/?p=4248"]}]},{"@type":"ImageObject","inLanguage":"da-DK","@id":"https:\/\/lystfiskerforening.dk\/?p=4248#primaryimage","url":"https:\/\/lystfiskerforening.dk\/wp-content\/uploads\/2017\/12\/Odder-\u00c5-Premiere-Februar-2016-07.jpg","contentUrl":"https:\/\/lystfiskerforening.dk\/wp-content\/uploads\/2017\/12\/Odder-\u00c5-Premiere-Februar-2016-07.jpg","width":2048,"height":1536,"caption":"DCIM100GOPROG0020438."},{"@type":"BreadcrumbList","@id":"https:\/\/lystfiskerforening.dk\/?p=4248#breadcrumb","itemListElement":[{"@type":"ListItem","position":1,"name":"Hjem","item":"https:\/\/lystfiskerforening.dk\/"},{"@type":"ListItem","position":2,"name":"Aflysning af Odder \u00c5 premieren."}]},{"@type":"WebSite","@id":"https:\/\/lystfiskerforening.dk\/#website","url":"https:\/\/lystfiskerforening.dk\/","name":"Odder Sportsfiskerforening","description":"Stiftet i 1945","potentialAction":[{"@type":"SearchAction","target":{"@type":"EntryPoint","urlTemplate":"https:\/\/lystfiskerforening.dk\/?s={search_term_string}"},"query-input":{"@type":"PropertyValueSpecification","valueRequired":true,"valueName":"search_term_string"}}],"inLanguage":"da-DK"},{"@type":"Person","@id":"https:\/\/lystfiskerforening.dk\/#\/schema\/person\/855d47e64cde7eeb8119af5ed1a2743e","name":"Christian Kjeldsen","image":{"@type":"ImageObject","inLanguage":"da-DK","@id":"https:\/\/secure.gravatar.com\/avatar\/ecf31ec2da8abb934d318854bd71b52beee2f79efaafa8aa996839286fe0db2c?s=96&d=mm&r=g","url":"https:\/\/secure.gravatar.com\/avatar\/ecf31ec2da8abb934d318854bd71b52beee2f79efaafa8aa996839286fe0db2c?s=96&d=mm&r=g","contentUrl":"https:\/\/secure.gravatar.com\/avatar\/ecf31ec2da8abb934d318854bd71b52beee2f79efaafa8aa996839286fe0db2c?s=96&d=mm&r=g","caption":"Christian Kjeldsen"},"sameAs":["http:\/\/www.fiskekonkurrencer.dk","https:\/\/www.facebook.com\/kjeldsenc","https:\/\/x.com\/bidtafnatur"],"url":"https:\/\/lystfiskerforening.dk\/?author=1"}]}},"_links":{"self":[{"href":"https:\/\/lystfiskerforening.dk\/index.php?rest_route=\/wp\/v2\/posts\/4248","targetHints":{"allow":["GET"]}}],"collection":[{"href":"https:\/\/lystfiskerforening.dk\/index.php?rest_route=\/wp\/v2\/posts"}],"about":[{"href":"https:\/\/lystfiskerforening.dk\/index.php?rest_route=\/wp\/v2\/types\/post"}],"author":[{"embeddable":true,"href":"https:\/\/lystfiskerforening.dk\/index.php?rest_route=\/wp\/v2\/users\/1"}],"replies":[{"embeddable":true,"href":"https:\/\/lystfiskerforening.dk\/index.php?rest_route=%2Fwp%2Fv2%2Fcomments&post=4248"}],"version-history":[{"count":1,"href":"https:\/\/lystfiskerforening.dk\/index.php?rest_route=\/wp\/v2\/posts\/4248\/revisions"}],"predecessor-version":[{"id":4249,"href":"https:\/\/lystfiskerforening.dk\/index.php?rest_route=\/wp\/v2\/posts\/4248\/revisions\/4249"}],"wp:featuredmedia":[{"embeddable":true,"href":"https:\/\/lystfiskerforening.dk\/index.php?rest_route=\/wp\/v2\/media\/2403"}],"wp:attachment":[{"href":"https:\/\/lystfiskerforening.dk\/index.php?rest_route=%2Fwp%2Fv2%2Fmedia&parent=4248"}],"wp:term":[{"taxonomy":"category","embeddable":true,"href":"https:\/\/lystfiskerforening.dk\/index.php?rest_route=%2Fwp%2Fv2%2Fcategories&post=4248"},{"taxonomy":"post_tag","embeddable":true,"href":"https:\/\/lystfiskerforening.dk\/index.php?rest_route=%2Fwp%2Fv2%2Ftags&post=4248"}],"curies":[{"name":"wp","href":"https:\/\/api.w.org\/{rel}","templated":true}]}}