{"id":19648,"date":"2025-11-01T08:08:18","date_gmt":"2025-11-01T07:08:18","guid":{"rendered":"https:\/\/lystfiskerforening.dk\/?p=19648"},"modified":"2025-11-01T08:08:18","modified_gmt":"2025-11-01T07:08:18","slug":"%f0%9f%8e%a3-fiskeriet-lukker-for-saesonen-tak-for-i-aar","status":"publish","type":"post","link":"https:\/\/lystfiskerforening.dk\/?p=19648","title":{"rendered":"\ud83c\udfa3 Fiskeriet lukker for s\u00e6sonen \u2013 Tak for i \u00e5r!"},"content":{"rendered":"\n<p><strong>\ud83d\udcc5 Pr. 1. november<\/strong> lukker fiskeriet i <strong>Odder \u00c5<\/strong> og <strong>R\u00e6vs \u00c5<\/strong> for s\u00e6sonen.<br>Det betyder, at vores fiskevand nu f\u00e5r fred, s\u00e5 de gydevandrende fisk kan skabe n\u00e6ste generation af \u00f8rreder. \ud83c\udf0a\ud83d\udc1f<\/p>\n\n\n\n<p>Vi h\u00e5ber, at I har nydt s\u00e6sonen \u2013 mange har haft rigtig fine fangster i l\u00f8bet af \u00e5ret. En stor tak skal lyde til alle, der har v\u00e6ret ude ved \u00e5en, deltaget i foreningslivet og bidraget til endnu et godt fiske\u00e5r. \ud83d\ude4f<\/p>\n\n\n\n<div style=\"height:100px\" aria-hidden=\"true\" class=\"wp-block-spacer\"><\/div>\n\n\n\n<h3 class=\"wp-block-heading\">\ud83d\udd1c Vi ses igen i 2026<\/h3>\n\n\n\n<p>Fiskeriet \u00e5bner igen <strong>1. marts 2026<\/strong> \u2013 og n\u00e6ste \u00e5r falder det heldigvis p\u00e5 <strong>den 1. s\u00f8ndag i marts<\/strong>, hvilket betyder, at vi traditionen tro kan holde <strong>Odder \u00c5-premiere<\/strong> samme dag.<\/p>\n\n\n\n<p>Vi gl\u00e6der os allerede til en ny s\u00e6son med hygge, samv\u00e6r og forh\u00e5bentlig masser af fisk p\u00e5 krogen!<\/p>\n\n\n\n<div style=\"height:100px\" aria-hidden=\"true\" class=\"wp-block-spacer\"><\/div>\n\n\n\n<h2 class=\"wp-block-heading\">\ud83c\udf85 Men husk \u2013 klubhyggen forts\u00e6tter \u00e5ret ud!<\/h2>\n\n\n\n<p>Selvom fiskeriet g\u00e5r p\u00e5 pause, holder vi stadig <strong>klubaftener resten af \u00e5ret<\/strong>.<br><br>Der er masser at se frem til:<\/p>\n\n\n\n<ul class=\"wp-block-list\">\n<li><strong>28. november:<\/strong> \u00c5rets <strong>OSF Julefrokost<\/strong> \u2013 mere info f\u00f8lger snart.<\/li>\n\n\n\n<li><strong>2. december:<\/strong> Traditionel <strong>Julebanko<\/strong>.<\/li>\n\n\n\n<li><strong>9. december:<\/strong> Vi runder \u00e5ret af med <strong>gl\u00f8gg og \u00e6bleskiver<\/strong> i hyggeligt samv\u00e6r.<\/li>\n<\/ul>\n\n\n\n<p>S\u00e5 kom endelig forbi \u2013 der er stadig masser af liv i klubben, selvom st\u00e6ngerne er lagt p\u00e5 hylden for vinteren.<\/p>\n\n\n\n<p><strong>Tak for i \u00e5r \u2013 og p\u00e5 gensyn til b\u00e5de klubaftenerne og for\u00e5rspremieren! \ud83c\udfa3<\/strong><\/p>\n","protected":false},"excerpt":{"rendered":"<p>Vi h\u00e5ber, at I har nydt s\u00e6sonen \u2013 mange har haft rigtig fine fangster i l\u00f8bet af \u00e5ret. En stor tak skal lyde til alle, der har v\u00e6ret ude ved \u00e5en, deltaget i foreningslivet og bidraget til endnu et godt fiske\u00e5r. \ud83d\ude4f<\/p>\n","protected":false},"author":1,"featured_media":19149,"comment_status":"open","ping_status":"open","sticky":false,"template":"","format":"standard","meta":{"footnotes":""},"categories":[19],"tags":[395,366],"class_list":["post-19648","post","type-post","status-publish","format-standard","has-post-thumbnail","hentry","category-info","tag-395","tag-odder-aa-2"],"yoast_head":"<!-- This site is optimized with the Yoast SEO plugin v27.5 - https:\/\/yoast.com\/product\/yoast-seo-wordpress\/ -->\n<title>\ud83c\udfa3 Fiskeriet lukker for s\u00e6sonen \u2013 Tak for i \u00e5r! - Odder Sportsfiskerforening<\/title>\n<meta name=\"robots\" content=\"index, follow, max-snippet:-1, max-image-preview:large, max-video-preview:-1\" \/>\n<link rel=\"canonical\" href=\"https:\/\/lystfiskerforening.dk\/?p=19648\" \/>\n<meta property=\"og:locale\" content=\"da_DK\" \/>\n<meta property=\"og:type\" content=\"article\" \/>\n<meta property=\"og:title\" content=\"\ud83c\udfa3 Fiskeriet lukker for s\u00e6sonen \u2013 Tak for i \u00e5r! - Odder Sportsfiskerforening\" \/>\n<meta property=\"og:description\" content=\"Vi h\u00e5ber, at I har nydt s\u00e6sonen \u2013 mange har haft rigtig fine fangster i l\u00f8bet af \u00e5ret. En stor tak skal lyde til alle, der har v\u00e6ret ude ved \u00e5en, deltaget i foreningslivet og bidraget til endnu et godt fiske\u00e5r. \ud83d\ude4f\" \/>\n<meta property=\"og:url\" content=\"https:\/\/lystfiskerforening.dk\/?p=19648\" \/>\n<meta property=\"og:site_name\" content=\"Odder Sportsfiskerforening\" \/>\n<meta property=\"article:publisher\" content=\"https:\/\/www.facebook.com\/odderfisker\/\" \/>\n<meta property=\"article:author\" content=\"https:\/\/www.facebook.com\/kjeldsenc\" \/>\n<meta property=\"article:published_time\" content=\"2025-11-01T07:08:18+00:00\" \/>\n<meta property=\"og:image\" content=\"https:\/\/lystfiskerforening.dk\/wp-content\/uploads\/2022\/12\/IMG_8968.jpg\" \/>\n\t<meta property=\"og:image:width\" content=\"800\" \/>\n\t<meta property=\"og:image:height\" content=\"600\" \/>\n\t<meta property=\"og:image:type\" content=\"image\/jpeg\" \/>\n<meta name=\"author\" content=\"Christian Kjeldsen\" \/>\n<meta name=\"twitter:card\" content=\"summary_large_image\" \/>\n<meta name=\"twitter:creator\" content=\"@bidtafnatur\" \/>\n<meta name=\"twitter:label1\" content=\"Skrevet af\" \/>\n\t<meta name=\"twitter:data1\" content=\"Christian Kjeldsen\" \/>\n\t<meta name=\"twitter:label2\" content=\"Estimeret l\u00e6setid\" \/>\n\t<meta name=\"twitter:data2\" content=\"2 minutter\" \/>\n<script type=\"application\/ld+json\" class=\"yoast-schema-graph\">{\"@context\":\"https:\\\/\\\/schema.org\",\"@graph\":[{\"@type\":\"Article\",\"@id\":\"https:\\\/\\\/lystfiskerforening.dk\\\/?p=19648#article\",\"isPartOf\":{\"@id\":\"https:\\\/\\\/lystfiskerforening.dk\\\/?p=19648\"},\"author\":{\"name\":\"Christian Kjeldsen\",\"@id\":\"https:\\\/\\\/lystfiskerforening.dk\\\/#\\\/schema\\\/person\\\/855d47e64cde7eeb8119af5ed1a2743e\"},\"headline\":\"\ud83c\udfa3 Fiskeriet lukker for s\u00e6sonen \u2013 Tak for i \u00e5r!\",\"datePublished\":\"2025-11-01T07:08:18+00:00\",\"mainEntityOfPage\":{\"@id\":\"https:\\\/\\\/lystfiskerforening.dk\\\/?p=19648\"},\"wordCount\":229,\"commentCount\":0,\"image\":{\"@id\":\"https:\\\/\\\/lystfiskerforening.dk\\\/?p=19648#primaryimage\"},\"thumbnailUrl\":\"https:\\\/\\\/lystfiskerforening.dk\\\/wp-content\\\/uploads\\\/2022\\\/12\\\/IMG_8968.jpg\",\"keywords\":[\"2025\",\"Odder \u00c5\"],\"articleSection\":[\"Info\"],\"inLanguage\":\"da-DK\",\"potentialAction\":[{\"@type\":\"CommentAction\",\"name\":\"Comment\",\"target\":[\"https:\\\/\\\/lystfiskerforening.dk\\\/?p=19648#respond\"]}]},{\"@type\":\"WebPage\",\"@id\":\"https:\\\/\\\/lystfiskerforening.dk\\\/?p=19648\",\"url\":\"https:\\\/\\\/lystfiskerforening.dk\\\/?p=19648\",\"name\":\"\ud83c\udfa3 Fiskeriet lukker for s\u00e6sonen \u2013 Tak for i \u00e5r! - Odder Sportsfiskerforening\",\"isPartOf\":{\"@id\":\"https:\\\/\\\/lystfiskerforening.dk\\\/#website\"},\"primaryImageOfPage\":{\"@id\":\"https:\\\/\\\/lystfiskerforening.dk\\\/?p=19648#primaryimage\"},\"image\":{\"@id\":\"https:\\\/\\\/lystfiskerforening.dk\\\/?p=19648#primaryimage\"},\"thumbnailUrl\":\"https:\\\/\\\/lystfiskerforening.dk\\\/wp-content\\\/uploads\\\/2022\\\/12\\\/IMG_8968.jpg\",\"datePublished\":\"2025-11-01T07:08:18+00:00\",\"author\":{\"@id\":\"https:\\\/\\\/lystfiskerforening.dk\\\/#\\\/schema\\\/person\\\/855d47e64cde7eeb8119af5ed1a2743e\"},\"breadcrumb\":{\"@id\":\"https:\\\/\\\/lystfiskerforening.dk\\\/?p=19648#breadcrumb\"},\"inLanguage\":\"da-DK\",\"potentialAction\":[{\"@type\":\"ReadAction\",\"target\":[\"https:\\\/\\\/lystfiskerforening.dk\\\/?p=19648\"]}]},{\"@type\":\"ImageObject\",\"inLanguage\":\"da-DK\",\"@id\":\"https:\\\/\\\/lystfiskerforening.dk\\\/?p=19648#primaryimage\",\"url\":\"https:\\\/\\\/lystfiskerforening.dk\\\/wp-content\\\/uploads\\\/2022\\\/12\\\/IMG_8968.jpg\",\"contentUrl\":\"https:\\\/\\\/lystfiskerforening.dk\\\/wp-content\\\/uploads\\\/2022\\\/12\\\/IMG_8968.jpg\",\"width\":800,\"height\":600},{\"@type\":\"BreadcrumbList\",\"@id\":\"https:\\\/\\\/lystfiskerforening.dk\\\/?p=19648#breadcrumb\",\"itemListElement\":[{\"@type\":\"ListItem\",\"position\":1,\"name\":\"Hjem\",\"item\":\"https:\\\/\\\/lystfiskerforening.dk\\\/\"},{\"@type\":\"ListItem\",\"position\":2,\"name\":\"\ud83c\udfa3 Fiskeriet lukker for s\u00e6sonen \u2013 Tak for i \u00e5r!\"}]},{\"@type\":\"WebSite\",\"@id\":\"https:\\\/\\\/lystfiskerforening.dk\\\/#website\",\"url\":\"https:\\\/\\\/lystfiskerforening.dk\\\/\",\"name\":\"Odder Sportsfiskerforening\",\"description\":\"Stiftet i 1945\",\"potentialAction\":[{\"@type\":\"SearchAction\",\"target\":{\"@type\":\"EntryPoint\",\"urlTemplate\":\"https:\\\/\\\/lystfiskerforening.dk\\\/?s={search_term_string}\"},\"query-input\":{\"@type\":\"PropertyValueSpecification\",\"valueRequired\":true,\"valueName\":\"search_term_string\"}}],\"inLanguage\":\"da-DK\"},{\"@type\":\"Person\",\"@id\":\"https:\\\/\\\/lystfiskerforening.dk\\\/#\\\/schema\\\/person\\\/855d47e64cde7eeb8119af5ed1a2743e\",\"name\":\"Christian Kjeldsen\",\"image\":{\"@type\":\"ImageObject\",\"inLanguage\":\"da-DK\",\"@id\":\"https:\\\/\\\/secure.gravatar.com\\\/avatar\\\/ecf31ec2da8abb934d318854bd71b52beee2f79efaafa8aa996839286fe0db2c?s=96&d=mm&r=g\",\"url\":\"https:\\\/\\\/secure.gravatar.com\\\/avatar\\\/ecf31ec2da8abb934d318854bd71b52beee2f79efaafa8aa996839286fe0db2c?s=96&d=mm&r=g\",\"contentUrl\":\"https:\\\/\\\/secure.gravatar.com\\\/avatar\\\/ecf31ec2da8abb934d318854bd71b52beee2f79efaafa8aa996839286fe0db2c?s=96&d=mm&r=g\",\"caption\":\"Christian Kjeldsen\"},\"sameAs\":[\"http:\\\/\\\/www.fiskekonkurrencer.dk\",\"https:\\\/\\\/www.facebook.com\\\/kjeldsenc\",\"https:\\\/\\\/x.com\\\/bidtafnatur\"],\"url\":\"https:\\\/\\\/lystfiskerforening.dk\\\/?author=1\"}]}<\/script>\n<!-- \/ Yoast SEO plugin. -->","yoast_head_json":{"title":"\ud83c\udfa3 Fiskeriet lukker for s\u00e6sonen \u2013 Tak for i \u00e5r! - Odder Sportsfiskerforening","robots":{"index":"index","follow":"follow","max-snippet":"max-snippet:-1","max-image-preview":"max-image-preview:large","max-video-preview":"max-video-preview:-1"},"canonical":"https:\/\/lystfiskerforening.dk\/?p=19648","og_locale":"da_DK","og_type":"article","og_title":"\ud83c\udfa3 Fiskeriet lukker for s\u00e6sonen \u2013 Tak for i \u00e5r! - Odder Sportsfiskerforening","og_description":"Vi h\u00e5ber, at I har nydt s\u00e6sonen \u2013 mange har haft rigtig fine fangster i l\u00f8bet af \u00e5ret. En stor tak skal lyde til alle, der har v\u00e6ret ude ved \u00e5en, deltaget i foreningslivet og bidraget til endnu et godt fiske\u00e5r. \ud83d\ude4f","og_url":"https:\/\/lystfiskerforening.dk\/?p=19648","og_site_name":"Odder Sportsfiskerforening","article_publisher":"https:\/\/www.facebook.com\/odderfisker\/","article_author":"https:\/\/www.facebook.com\/kjeldsenc","article_published_time":"2025-11-01T07:08:18+00:00","og_image":[{"width":800,"height":600,"url":"https:\/\/lystfiskerforening.dk\/wp-content\/uploads\/2022\/12\/IMG_8968.jpg","type":"image\/jpeg"}],"author":"Christian Kjeldsen","twitter_card":"summary_large_image","twitter_creator":"@bidtafnatur","twitter_misc":{"Skrevet af":"Christian Kjeldsen","Estimeret l\u00e6setid":"2 minutter"},"schema":{"@context":"https:\/\/schema.org","@graph":[{"@type":"Article","@id":"https:\/\/lystfiskerforening.dk\/?p=19648#article","isPartOf":{"@id":"https:\/\/lystfiskerforening.dk\/?p=19648"},"author":{"name":"Christian Kjeldsen","@id":"https:\/\/lystfiskerforening.dk\/#\/schema\/person\/855d47e64cde7eeb8119af5ed1a2743e"},"headline":"\ud83c\udfa3 Fiskeriet lukker for s\u00e6sonen \u2013 Tak for i \u00e5r!","datePublished":"2025-11-01T07:08:18+00:00","mainEntityOfPage":{"@id":"https:\/\/lystfiskerforening.dk\/?p=19648"},"wordCount":229,"commentCount":0,"image":{"@id":"https:\/\/lystfiskerforening.dk\/?p=19648#primaryimage"},"thumbnailUrl":"https:\/\/lystfiskerforening.dk\/wp-content\/uploads\/2022\/12\/IMG_8968.jpg","keywords":["2025","Odder \u00c5"],"articleSection":["Info"],"inLanguage":"da-DK","potentialAction":[{"@type":"CommentAction","name":"Comment","target":["https:\/\/lystfiskerforening.dk\/?p=19648#respond"]}]},{"@type":"WebPage","@id":"https:\/\/lystfiskerforening.dk\/?p=19648","url":"https:\/\/lystfiskerforening.dk\/?p=19648","name":"\ud83c\udfa3 Fiskeriet lukker for s\u00e6sonen \u2013 Tak for i \u00e5r! - Odder Sportsfiskerforening","isPartOf":{"@id":"https:\/\/lystfiskerforening.dk\/#website"},"primaryImageOfPage":{"@id":"https:\/\/lystfiskerforening.dk\/?p=19648#primaryimage"},"image":{"@id":"https:\/\/lystfiskerforening.dk\/?p=19648#primaryimage"},"thumbnailUrl":"https:\/\/lystfiskerforening.dk\/wp-content\/uploads\/2022\/12\/IMG_8968.jpg","datePublished":"2025-11-01T07:08:18+00:00","author":{"@id":"https:\/\/lystfiskerforening.dk\/#\/schema\/person\/855d47e64cde7eeb8119af5ed1a2743e"},"breadcrumb":{"@id":"https:\/\/lystfiskerforening.dk\/?p=19648#breadcrumb"},"inLanguage":"da-DK","potentialAction":[{"@type":"ReadAction","target":["https:\/\/lystfiskerforening.dk\/?p=19648"]}]},{"@type":"ImageObject","inLanguage":"da-DK","@id":"https:\/\/lystfiskerforening.dk\/?p=19648#primaryimage","url":"https:\/\/lystfiskerforening.dk\/wp-content\/uploads\/2022\/12\/IMG_8968.jpg","contentUrl":"https:\/\/lystfiskerforening.dk\/wp-content\/uploads\/2022\/12\/IMG_8968.jpg","width":800,"height":600},{"@type":"BreadcrumbList","@id":"https:\/\/lystfiskerforening.dk\/?p=19648#breadcrumb","itemListElement":[{"@type":"ListItem","position":1,"name":"Hjem","item":"https:\/\/lystfiskerforening.dk\/"},{"@type":"ListItem","position":2,"name":"\ud83c\udfa3 Fiskeriet lukker for s\u00e6sonen \u2013 Tak for i \u00e5r!"}]},{"@type":"WebSite","@id":"https:\/\/lystfiskerforening.dk\/#website","url":"https:\/\/lystfiskerforening.dk\/","name":"Odder Sportsfiskerforening","description":"Stiftet i 1945","potentialAction":[{"@type":"SearchAction","target":{"@type":"EntryPoint","urlTemplate":"https:\/\/lystfiskerforening.dk\/?s={search_term_string}"},"query-input":{"@type":"PropertyValueSpecification","valueRequired":true,"valueName":"search_term_string"}}],"inLanguage":"da-DK"},{"@type":"Person","@id":"https:\/\/lystfiskerforening.dk\/#\/schema\/person\/855d47e64cde7eeb8119af5ed1a2743e","name":"Christian Kjeldsen","image":{"@type":"ImageObject","inLanguage":"da-DK","@id":"https:\/\/secure.gravatar.com\/avatar\/ecf31ec2da8abb934d318854bd71b52beee2f79efaafa8aa996839286fe0db2c?s=96&d=mm&r=g","url":"https:\/\/secure.gravatar.com\/avatar\/ecf31ec2da8abb934d318854bd71b52beee2f79efaafa8aa996839286fe0db2c?s=96&d=mm&r=g","contentUrl":"https:\/\/secure.gravatar.com\/avatar\/ecf31ec2da8abb934d318854bd71b52beee2f79efaafa8aa996839286fe0db2c?s=96&d=mm&r=g","caption":"Christian Kjeldsen"},"sameAs":["http:\/\/www.fiskekonkurrencer.dk","https:\/\/www.facebook.com\/kjeldsenc","https:\/\/x.com\/bidtafnatur"],"url":"https:\/\/lystfiskerforening.dk\/?author=1"}]}},"_links":{"self":[{"href":"https:\/\/lystfiskerforening.dk\/index.php?rest_route=\/wp\/v2\/posts\/19648","targetHints":{"allow":["GET"]}}],"collection":[{"href":"https:\/\/lystfiskerforening.dk\/index.php?rest_route=\/wp\/v2\/posts"}],"about":[{"href":"https:\/\/lystfiskerforening.dk\/index.php?rest_route=\/wp\/v2\/types\/post"}],"author":[{"embeddable":true,"href":"https:\/\/lystfiskerforening.dk\/index.php?rest_route=\/wp\/v2\/users\/1"}],"replies":[{"embeddable":true,"href":"https:\/\/lystfiskerforening.dk\/index.php?rest_route=%2Fwp%2Fv2%2Fcomments&post=19648"}],"version-history":[{"count":1,"href":"https:\/\/lystfiskerforening.dk\/index.php?rest_route=\/wp\/v2\/posts\/19648\/revisions"}],"predecessor-version":[{"id":19649,"href":"https:\/\/lystfiskerforening.dk\/index.php?rest_route=\/wp\/v2\/posts\/19648\/revisions\/19649"}],"wp:featuredmedia":[{"embeddable":true,"href":"https:\/\/lystfiskerforening.dk\/index.php?rest_route=\/wp\/v2\/media\/19149"}],"wp:attachment":[{"href":"https:\/\/lystfiskerforening.dk\/index.php?rest_route=%2Fwp%2Fv2%2Fmedia&parent=19648"}],"wp:term":[{"taxonomy":"category","embeddable":true,"href":"https:\/\/lystfiskerforening.dk\/index.php?rest_route=%2Fwp%2Fv2%2Fcategories&post=19648"},{"taxonomy":"post_tag","embeddable":true,"href":"https:\/\/lystfiskerforening.dk\/index.php?rest_route=%2Fwp%2Fv2%2Ftags&post=19648"}],"curies":[{"name":"wp","href":"https:\/\/api.w.org\/{rel}","templated":true}]}}