{"id":18737,"date":"2021-09-11T17:42:00","date_gmt":"2021-09-11T15:42:00","guid":{"rendered":"https:\/\/lystfiskerforening.dk\/?p=18737"},"modified":"2021-09-11T19:15:48","modified_gmt":"2021-09-11T17:15:48","slug":"generalforsamling-2021-referat","status":"publish","type":"post","link":"https:\/\/lystfiskerforening.dk\/?p=18737","title":{"rendered":"Generalforsamling 2021 &#8211; Referat"},"content":{"rendered":"\n<p>Start; 1930<\/p>\n\n\n\n<p>Antal deltagende: 20 medlemmer inkl. bestyrelsen<\/p>\n\n\n\n<ul class=\"wp-block-list\"><li><strong>Valg af dirigent<\/strong>\n<ul>\n<li>Ejner Nygaard blev valgt som dirigent<\/li>\n<\/ul>\n<\/li><li><strong><strong>Valg af referent<\/strong><\/strong>&nbsp;\n<ul>\n<li>S\u00f8ren Drab\u00e6k blev valgt som referent<\/li>\n<\/ul>\n<\/li><\/ul>\n\n\n\n<div style=\"height:100px\" aria-hidden=\"true\" class=\"wp-block-spacer\"><\/div>\n\n\n\n<ul class=\"wp-block-list\"><li><strong>Formandens beretning<\/strong><\/li><\/ul>\n\n\n\n<p>Christian berettede kort om det forl\u00f8bne \u00e5r, som pga. Corona ikke havde bragt de store aktiviteter med sig. Hvilket jo har p\u00e5virket alt foreningsliv.<\/p>\n\n\n\n<p>Tun\u00f8turen havde som s\u00e6dvanligt v\u00e6ret en god oplevelse med fisk p\u00e5 p\u00e5 land og socialt samv\u00e6r.<\/p>\n\n\n\n<p>Crede benyttede ogs\u00e5 muligheden for, at runde sine 4 \u00e5r af som formand med at se tilbage p\u00e5 de mange aktiviteter der havde v\u00e6ret og syntes at det havde v\u00e6ret givende p\u00e5 flere fronter.<\/p>\n\n\n\n<p>Crede understregede ogs\u00e5 at medlemskaber i OSF ikke var baseret p\u00e5 adgang til foreningsvand. Men p\u00e5 det sociale og den prim\u00e6re aktivitet-nemlig vores hav\u00f8rredfiskeri langs kysten.<\/p>\n\n\n\n<p>Lars Aar\u00f8 tog ordet, og fremh\u00e6vede formandens indsats bl.a. med at modernisere klubben og f\u00f8re den fremad. Ejnar Nygaard benyttede ogs\u00e5 muligheden for at takke for Credes store engagement.<\/p>\n\n\n\n<p>Formandens beretning blev godkendt.<\/p>\n\n\n\n<div style=\"height:100px\" aria-hidden=\"true\" class=\"wp-block-spacer\"><\/div>\n\n\n\n<ul class=\"wp-block-list\"><li><strong>Regnskab ved kasseren (Peter Frederiksen)<\/strong><\/li><\/ul>\n\n\n\n<p>PF fremlagde regnskabet og grundet det lave aktivitetsniveau under den lange nedlukning, endte 2020 med et relativt stort overskud p\u00e5 9000kr. Hvilket i \u00f8konomisk henseende jo var positivt, men jo heller ikke meningen at OSF skal generere st\u00f8rre indest\u00e5ender.<\/p>\n\n\n\n<p>Dette giver i hvert fald muligheder for, at afholde det udskudte jubil\u00e6um.<\/p>\n\n\n\n<p>Dette billede vil gentage sig for 2021, da de to \u00e5r stort set har udartet sig identisk.<\/p>\n\n\n\n<p>PF kommenterede ogs\u00e5 p\u00e5 bankernes uvilje med foreningskonto. Da det nu er relativt dyrt for den begr\u00e6nsede service de yder. Adgang til netbank koster nu 1000kr om \u00e5ret.<\/p>\n\n\n\n<p>Foreningen b\u00f8r v\u00e6re opm\u00e6rksom p\u00e5 nye og billigere l\u00f8sninger i fremtiden. PF foretr\u00e6kker for nuv\u00e6rende ordningen med en konto i bank.<\/p>\n\n\n\n<p>Regnskabet godkendt.<\/p>\n\n\n\n<div style=\"height:100px\" aria-hidden=\"true\" class=\"wp-block-spacer\"><\/div>\n\n\n\n<p><strong><u>Fasts\u00e6ttelse af kontinge<\/u>nt<\/strong><\/p>\n\n\n\n<p>Da kontingentet blev h\u00e6vet ved sidst generalforsamling i forbindelse med, at DSF varslede stigning p\u00e5 forbundskontingentet.<\/p>\n\n\n\n<p>Stigning blev dog ikke s\u00e5 stor som forventet og OSF er reelt foran med rettidige omhu. Det sammen med klubbens st\u00e6rke \u00f8konomi gav ikke grund til at h\u00e6ve kontingentet for 2022- derfor fastholdes kontingentet p\u00e5 nuv\u00e6rende niveau.<\/p>\n\n\n\n<p>Godkendt.<\/p>\n\n\n\n<div style=\"height:100px\" aria-hidden=\"true\" class=\"wp-block-spacer\"><\/div>\n\n\n\n<ul class=\"wp-block-list\"><li><strong>Udvalgsberetning:<\/strong><br>\u00d8LF (Peter Frederiksen)<\/li><\/ul>\n\n\n\n<p>PF berettede om \u00d8LF\u00b4s aktiviteter; div uds\u00e6tninger, vandl\u00f8bsrestaurering. Samt Aarhus Kommune har medtaget etablering af et oml\u00f8bsstryg ved \u00c5rslev Engs\u00f8 p\u00e5 kommunens budget.<\/p>\n\n\n\n<p>Dette skulle gerne give en bedre bestand i fremtiden. i stedet for nuv\u00e6rende som er n\u00f8dlidende grundet den store geddepredation og den udtr\u00e6kkende smolts vanskeligheder med at finde vej.<\/p>\n\n\n\n<div style=\"height:100px\" aria-hidden=\"true\" class=\"wp-block-spacer\"><\/div>\n\n\n\n<p><strong><u>Jubil\u00e6um (Christian Kjeldsen)<\/u><\/strong><\/p>\n\n\n\n<p>CK orienterede om Jubil\u00e6umsfesten som strandede pga. Corona. Vi var helt fremme med planl\u00e6gningen og flere havde gjort en god indsats for at det skulle lykkedes. Men Covid ville det anderledes.<\/p>\n\n\n\n<p>Men med 2 \u00e5r med lavt udgiftsniveau og deraf overskud er det i hvert fald muligt, at holde en god fest, som forventes at kunne afholdes i August-September 2022.<\/p>\n\n\n\n<p>Festudvalget har s\u00e5ledes erfaringen og planl\u00e6gningen i god erindring.<\/p>\n\n\n\n<div style=\"height:100px\" aria-hidden=\"true\" class=\"wp-block-spacer\"><\/div>\n\n\n\n<p><strong><u>Vandpleje (Christian Kjeldsen)<\/u><\/strong><\/p>\n\n\n\n<p>CK fortalte om Odder \u00c5 systemet der producerer mange fisk og at der er ikke som s\u00e5dan mangel p\u00e5 gydefaciliteter. Dog kunne vi med fordel lave flere skjulesteder til den megen yngel.<\/p>\n\n\n\n<p>CK kunne ogs\u00e5 berette om det stigende skarvpres helt oppe i Assedrup og l\u00e6ngere op. Skarv i Odder \u00c5\/R\u00e6vs \u00c5 kan rydde vandl\u00f8bet for fisk p\u00e5 kort tid og CK har derfor haft en dialog med DTU om Indhentning af reguleringstilladelse.<\/p>\n\n\n\n<p>Dette skal\/kan foreg\u00e5 evt. med lodsejernes egne j\u00e6gere, eller folk udefra. Dette kr\u00e6ver nok en del dialog lokalt, men forh\u00e5bentlig muligt p\u00e5 sigt. En ting er sikkert Skarven har k\u00e6mpe betydning for vore vandes fiskebestand.<\/p>\n\n\n\n<div style=\"height:100px\" aria-hidden=\"true\" class=\"wp-block-spacer\"><\/div>\n\n\n\n<ul class=\"wp-block-list\"><li><strong>Indkommende forslag:<\/strong><\/li><\/ul>\n\n\n\n<p>\u00c6ndring af fredningstider i Odder \u00c5<\/p>\n\n\n\n<p>Pr. 1 juli 2021 er nye fredningstider for hav\u00f8rreder I ferskvand tr\u00e5dt I kraft.<br>Det betyder at hav\u00f8rreden nu er fredet fra d. 16 november til og med d. 28\/29 februar.<\/p>\n\n\n\n<p>Forslag til \u00e6ndring af fredningstid fra 1. nov-1. feb til 1.nov &#8211; 1. marts<\/p>\n\n\n\n<p>Vedtaget<\/p>\n\n\n\n<div style=\"height:100px\" aria-hidden=\"true\" class=\"wp-block-spacer\"><\/div>\n\n\n\n<ul class=\"wp-block-list\"><li><strong>Valg af formand<\/strong><\/li><\/ul>\n\n\n\n<p>Crede modtog ikke genvalg<\/p>\n\n\n\n<p>Da der ikke er\/har v\u00e6ret muligt at finde en kandidat med en formand i maven. Godkender generalforsamlingen at S\u00f8ren Drasb\u00e6k p\u00e5tager sig opgaven med det forbehold, at denne sidder til kommende generalforsamling i februar 2022. Man derfor har tid til at finde en ny kandidat for en ny periode.<\/p>\n\n\n\n<p>Generalforsamlingen opfodrer til bredt og uddelegere samarbejdet i bestyrelsen s\u00e5 formandsrollen ikke tynges.<\/p>\n\n\n\n<p>S\u00f8ren Drasb\u00e6k er dermed valgt for perioden frem til Generalforsamling Feb 2022. SD udtr\u00e6der af bestyrelsen efter n\u00e6ste generalforsamling.<\/p>\n\n\n\n<div style=\"height:100px\" aria-hidden=\"true\" class=\"wp-block-spacer\"><\/div>\n\n\n\n<ul class=\"wp-block-list\"><li><strong>Valg af bestyrelse<\/strong><\/li><\/ul>\n\n\n\n<p>Som nyt bestyrelsesmedlem da SD nu er formand blev Frank J\u00f8rgensen valgt.<\/p>\n\n\n\n<p>Allan Rosenb\u00e6k \u00f8nskede ikke genvalg \u2013 ny bestyrelsesmedlem blev i stedet for Allan Dich Velkommen i bestyrelsen til jer.<\/p>\n\n\n\n<p>Bestyrelsen best\u00e5r s\u00e5ledes af :<\/p>\n\n\n\n<p>S\u00f8ren Drasb\u00e6k Formand<\/p>\n\n\n\n<p>Frank J\u00f8rgensen Bestyrelsesmedlem Nyvalgt<\/p>\n\n\n\n<p>Jens Knudsen Bestyrelsesmedlem<\/p>\n\n\n\n<p>Allan Dich Bestyrelsesmedlem Nyvalgt<\/p>\n\n\n\n<p>Allan Haslam Bestyrelsesmedlem<\/p>\n\n\n\n<p>Tony Jensen Bestyrelsesmedlem<\/p>\n\n\n\n<p>Peter Frederiksen Bestyrelsesmedlem\/Kasserer<\/p>\n\n\n\n<div style=\"height:100px\" aria-hidden=\"true\" class=\"wp-block-spacer\"><\/div>\n\n\n\n<ul class=\"wp-block-list\"><li><strong>Valg af suppleanter<\/strong><\/li><\/ul>\n\n\n\n<p>Genvalg til Bil Horney<\/p>\n\n\n\n<p>Nyvalgt Lars Aar\u00f8<\/p>\n\n\n\n<p>Velkommen til Lars.<\/p>\n\n\n\n<div style=\"height:100px\" aria-hidden=\"true\" class=\"wp-block-spacer\"><\/div>\n\n\n\n<ul class=\"wp-block-list\"><li><strong>Valg af revisor<\/strong><\/li><\/ul>\n\n\n\n<p>Nyvalgt Lars Aar\u00f8<\/p>\n\n\n\n<p>Genvalg S\u00f8ren Kalmeyer<\/p>\n\n\n\n<p>Velkommen til Lars.<\/p>\n\n\n\n<div style=\"height:100px\" aria-hidden=\"true\" class=\"wp-block-spacer\"><\/div>\n\n\n\n<ul class=\"wp-block-list\"><li><strong>Fasts\u00e6ttelse af fredningstider, mindstem\u00e5l, fangstbegr\u00e6nsninger og g\u00e6stekort mv.<\/strong><\/li><\/ul>\n\n\n\n<p><strong>P\u00e5 grund af de statslige \u00e6ndringer af fredningstiden p\u00e5 hav\u00f8rreder er der nu forl\u00e6nget fredning p\u00e5 \u00f8rrederne i Odder \u00c5<\/strong><\/p>\n\n\n\n<p>Nye g\u00e6ldende regler:<\/p>\n\n\n\n<p><em>Fredningstid:<\/em>&nbsp; Fra og med 1. november \u2013 <strong>1. marts<\/strong><\/p>\n\n\n\n<p><em>Mindstem\u00e5l:<\/em> &nbsp;&nbsp; Hav\u00f8rred 40cm, B\u00e6k\u00f8rred 40cm og \u00c5l 45cm<br><em>Fangstbegr\u00e6nsning:<\/em> 3 \u00d8rreder pr. medlem pr. dag<\/p>\n\n\n\n<p><em>G\u00e6stekort:<\/em> &nbsp;&nbsp;&nbsp;&nbsp;&nbsp; 3 g\u00e6stekort pr. medlem<\/p>\n\n\n\n<p><em>Kroge:<\/em>&nbsp;&nbsp;&nbsp;&nbsp;&nbsp;&nbsp;&nbsp;&nbsp;&nbsp;&nbsp;&nbsp;&nbsp;&nbsp;&nbsp;&nbsp; Ved ormefiskeri er mindste krogst\u00f8rrelse 2\/0 og modhagerne er nedklemt for at sk\u00e5ne fiskene.<\/p>\n\n\n\n<div style=\"height:100px\" aria-hidden=\"true\" class=\"wp-block-spacer\"><\/div>\n\n\n\n<ul class=\"wp-block-list\"><li><strong>Pr\u00e6mieoverr\u00e6kkelse:<\/strong><\/li><\/ul>\n\n\n\n<p>St\u00f8rste laksefisk fanget i Danmark<\/p>\n\n\n\n<ul class=\"wp-block-list\"><li>Mikkel Nussler \u2013 66cm &#8211; Flue<\/li><\/ul>\n\n\n\n<p>St\u00f8rste laksefisk fanget i Odder \u00c5<\/p>\n\n\n\n<ul class=\"wp-block-list\"><li>Mikkel Nussler \u2013 66cm &#8211; Flue<\/li><\/ul>\n\n\n\n<p>St\u00f8rste laksefisk fanget p\u00e5 kysten<\/p>\n\n\n\n<ul class=\"wp-block-list\"><li>Jens Knudsen \u2013 Hav\u00f8rred 52cm<\/li><\/ul>\n\n\n\n<p>Begge modtage en kurv med rom og l\u00e6kkerier fra Chokoladehimlen.<\/p>\n\n\n\n<div style=\"height:100px\" aria-hidden=\"true\" class=\"wp-block-spacer\"><\/div>\n\n\n\n<ul class=\"wp-block-list\"><li>Evt<\/li><\/ul>\n\n\n\n<p>PF takkede den afg\u00e5ende formand for den store indsats og kvitterede for dette med 3 gode flasker.<\/p>\n\n\n\n<p>PF takkede ogs\u00e5 Allan Rosenb\u00e6k for hans mange\u00e5rige indsats i bestyrelsen, som str\u00e6kker sig over 4 \u00e5rtier- PF kvitterede med 3 gode flasker.<\/p>\n\n\n\n<p>Tak til jer begge for den store indsats for OSF<\/p>\n\n\n\n<p>Tak til alle for veloverst\u00e5et genralforsamling.<\/p>\n\n\n\n<p>Generalforsamling sluttede kl 21:10<\/p>\n\n\n\n<p><\/p>\n\n\n\r\n<style>\r\n\r\n\t\/*Used to keep captions inside the visible area*\/\r\n\t#foogallery-gallery-18742 .foo-item {\r\n\t\tmax-height: 170px;\r\n\t}\r\n\r\n\t#foogallery-gallery-18742.border-style-inset a::after {\r\n\t\tbox-shadow: inset 0 0 20px #000;\r\n\t\t-moz-box-shadow: inset 0 0 20px #000;\r\n\t\t-webkit-box-shadow: inset 0 0 calc(170)px\/4 rgba(0,0,0,0.8);\r\n\t}\r\n<\/style>\r\n\r\n<div id=\"foogallery-gallery-18742\" class=\"foogallery foogallery-container foogallery-owl-carousel foogallery-lightbox-foobox owl-carousel hover-effect-zoom border-style-square-white hasborder\">\r\n\r\n\t\t\t\t<div class=\"foo-item\" >\r\n\t\t\t<a href=\"https:\/\/lystfiskerforening.dk\/wp-content\/uploads\/2021\/09\/2021.09.09.-GF-OSF6102-scaled.jpg\" data-attachment-id=\"18743\" data-type=\"image\" class=\"fg-thumb\"><img decoding=\"async\" src=\"https:\/\/lystfiskerforening.dk\/wp-content\/uploads\/2021\/09\/2021.09.09.-GF-OSF6102-150x150.jpg\" width=\"150\" height=\"150\" class=\"skip-lazy fg-image\" loading=\"eager\"><\/a>\r\n\t\t\t<\/div>\r\n\r\n\t\t\t\t<div class=\"foo-item\" >\r\n\t\t\t<a href=\"https:\/\/lystfiskerforening.dk\/wp-content\/uploads\/2021\/09\/2021.09.09.-GF-OSF6106-scaled.jpg\" data-attachment-id=\"18744\" data-type=\"image\" class=\"fg-thumb\"><img decoding=\"async\" src=\"https:\/\/lystfiskerforening.dk\/wp-content\/uploads\/2021\/09\/2021.09.09.-GF-OSF6106-150x150.jpg\" width=\"150\" height=\"150\" class=\"skip-lazy fg-image\" loading=\"eager\"><\/a>\r\n\t\t\t<\/div>\r\n\r\n\t\t\t\t<div class=\"foo-item\" >\r\n\t\t\t<a href=\"https:\/\/lystfiskerforening.dk\/wp-content\/uploads\/2021\/09\/2021.09.09.-GF-OSF6115-scaled.jpg\" data-attachment-id=\"18745\" data-type=\"image\" class=\"fg-thumb\"><img decoding=\"async\" src=\"https:\/\/lystfiskerforening.dk\/wp-content\/uploads\/2021\/09\/2021.09.09.-GF-OSF6115-150x150.jpg\" width=\"150\" height=\"150\" class=\"skip-lazy fg-image\" loading=\"eager\"><\/a>\r\n\t\t\t<\/div>\r\n\r\n\t\t\t\t<div class=\"foo-item\" >\r\n\t\t\t<a href=\"https:\/\/lystfiskerforening.dk\/wp-content\/uploads\/2021\/09\/2021.09.09.-GF-OSF6132-scaled.jpg\" data-attachment-id=\"18746\" data-type=\"image\" class=\"fg-thumb\"><img decoding=\"async\" src=\"https:\/\/lystfiskerforening.dk\/wp-content\/uploads\/2021\/09\/2021.09.09.-GF-OSF6132-150x150.jpg\" width=\"150\" height=\"150\" class=\"skip-lazy fg-image\" loading=\"eager\"><\/a>\r\n\t\t\t<\/div>\r\n\r\n\t\t\t\t<div class=\"foo-item\" >\r\n\t\t\t<a href=\"https:\/\/lystfiskerforening.dk\/wp-content\/uploads\/2021\/09\/2021.09.09.-GF-OSF6153-scaled.jpg\" data-attachment-id=\"18747\" data-type=\"image\" class=\"fg-thumb\"><img decoding=\"async\" src=\"https:\/\/lystfiskerforening.dk\/wp-content\/uploads\/2021\/09\/2021.09.09.-GF-OSF6153-150x150.jpg\" width=\"150\" height=\"150\" class=\"skip-lazy fg-image\" loading=\"eager\"><\/a>\r\n\t\t\t<\/div>\r\n\r\n\t\t\t\t<div class=\"foo-item\" >\r\n\t\t\t<a href=\"https:\/\/lystfiskerforening.dk\/wp-content\/uploads\/2021\/09\/2021.09.09.-GF-OSF6190-scaled.jpg\" data-attachment-id=\"18748\" data-type=\"image\" class=\"fg-thumb\"><img decoding=\"async\" src=\"https:\/\/lystfiskerforening.dk\/wp-content\/uploads\/2021\/09\/2021.09.09.-GF-OSF6190-150x150.jpg\" width=\"150\" height=\"150\" class=\"skip-lazy fg-image\" loading=\"eager\"><\/a>\r\n\t\t\t<\/div>\r\n\r\n\t\t\t\t<div class=\"foo-item\" >\r\n\t\t\t<a href=\"https:\/\/lystfiskerforening.dk\/wp-content\/uploads\/2021\/09\/2021.09.09.-GF-OSF6229-scaled.jpg\" data-attachment-id=\"18749\" data-type=\"image\" class=\"fg-thumb\"><img decoding=\"async\" src=\"https:\/\/lystfiskerforening.dk\/wp-content\/uploads\/2021\/09\/2021.09.09.-GF-OSF6229-150x150.jpg\" width=\"150\" height=\"150\" class=\"skip-lazy fg-image\" loading=\"eager\"><\/a>\r\n\t\t\t<\/div>\r\n\r\n\t<\/div>\r\n\r\n<script>\r\n\/* The Owl Initialization Script\r\n\/* The first lines conditionally show the slide animation *\/\r\njQuery(window).on(\"load\", function(){\r\n\tvar $galleryContainer = jQuery( '#foogallery-gallery-18742' );\r\n\tvar $containerID = '#foogallery-gallery-18742';\r\n\r\n\tjQuery(document).on('keydown', function( event ) { \/\/attach event listener\r\n\t\tif (event.keyCode == 37) {\r\n\t\t\t$galleryContainer.trigger('prev.owl')\r\n\t\t}\r\n\t\tif (event.keyCode == 39) {\r\n\t\t\t$galleryContainer.trigger('next.owl')\r\n\t\t}\r\n\t});\r\n\r\n\t\r\n\t$galleryContainer.owlCarousel({\r\n\t\titems: 3,\r\n\t\tnav: true,\r\n\t\tmargin: 10,\r\n\t\tloop:true,\r\n\t\tautoplay: true,\r\n\t\tautoplaySpeed: 4000,\r\n\t\tsmartSpeed:250,\r\n\t\tnavSpeed: 1250,\r\n\t\tnavText: ['prev', 'next'],\r\n\t\tautoplayHoverPause: true,\r\n\t\tlazyLoad: 1,\r\n\t\tautoWidth: 1,\r\n\t\t\t});\r\n});\r\n<\/script>\n\n\n\n<div class=\"wp-block-file\"><a href=\"https:\/\/lystfiskerforening.dk\/wp-content\/uploads\/2021\/09\/Referat-Generalforsamling-9-9-2021.pdf\">Referat &#8211; Generalforsamling 9-9-2021<\/a><a href=\"https:\/\/lystfiskerforening.dk\/wp-content\/uploads\/2021\/09\/Referat-Generalforsamling-9-9-2021.pdf\" class=\"wp-block-file__button\" download>Download<\/a><\/div>\n\n\n\n<p><\/p>\n","protected":false},"excerpt":{"rendered":"<p>\u00c5rets generalforsamling blev afholdt i godt hum\u00f8r og gl\u00e6de over endelig at kunne m\u00f8des igen.<\/p>\n<p>Generalforsamlingen b\u00f8d p\u00e5 \u00e6ndringer i bestyrelsen og \u00e6ndring i fredningstiden for Odder \u00c5.<\/p>\n","protected":false},"author":1,"featured_media":18745,"comment_status":"open","ping_status":"open","sticky":false,"template":"","format":"standard","meta":{"footnotes":""},"categories":[19],"tags":[344,159],"class_list":["post-18737","post","type-post","status-publish","format-standard","has-post-thumbnail","hentry","category-info","tag-344","tag-generalforsamling"],"yoast_head":"<!-- This site is optimized with the Yoast SEO plugin v27.5 - https:\/\/yoast.com\/product\/yoast-seo-wordpress\/ -->\n<title>Generalforsamling 2021 - Referat - Odder Sportsfiskerforening<\/title>\n<meta name=\"description\" content=\"\u00c5rets generalforsamling blev afholdt i godt hum\u00f8r og gl\u00e6de over endelig at kunne m\u00f8des igen. Generalforsamlingen b\u00f8d bl.a p\u00e5 \u00e6ndringer i bestyrelsen.\" \/>\n<meta name=\"robots\" content=\"index, follow, max-snippet:-1, max-image-preview:large, max-video-preview:-1\" \/>\n<link rel=\"canonical\" href=\"https:\/\/lystfiskerforening.dk\/?p=18737\" \/>\n<meta property=\"og:locale\" content=\"da_DK\" \/>\n<meta property=\"og:type\" content=\"article\" \/>\n<meta property=\"og:title\" content=\"Generalforsamling 2021 - Referat - Odder Sportsfiskerforening\" \/>\n<meta property=\"og:description\" content=\"\u00c5rets generalforsamling blev afholdt i godt hum\u00f8r og gl\u00e6de over endelig at kunne m\u00f8des igen. Generalforsamlingen b\u00f8d bl.a p\u00e5 \u00e6ndringer i bestyrelsen.\" \/>\n<meta property=\"og:url\" content=\"https:\/\/lystfiskerforening.dk\/?p=18737\" \/>\n<meta property=\"og:site_name\" content=\"Odder Sportsfiskerforening\" \/>\n<meta property=\"article:publisher\" content=\"https:\/\/www.facebook.com\/odderfisker\/\" \/>\n<meta property=\"article:author\" content=\"https:\/\/www.facebook.com\/kjeldsenc\" \/>\n<meta property=\"article:published_time\" content=\"2021-09-11T15:42:00+00:00\" \/>\n<meta property=\"article:modified_time\" content=\"2021-09-11T17:15:48+00:00\" \/>\n<meta property=\"og:image\" content=\"https:\/\/lystfiskerforening.dk\/wp-content\/uploads\/2021\/09\/2021.09.09.-GF-OSF6115-scaled.jpg\" \/>\n\t<meta property=\"og:image:width\" content=\"2048\" \/>\n\t<meta property=\"og:image:height\" content=\"1365\" \/>\n\t<meta property=\"og:image:type\" content=\"image\/jpeg\" \/>\n<meta name=\"author\" content=\"Christian Kjeldsen\" \/>\n<meta name=\"twitter:card\" content=\"summary_large_image\" \/>\n<meta name=\"twitter:creator\" content=\"@bidtafnatur\" \/>\n<meta name=\"twitter:label1\" content=\"Skrevet af\" \/>\n\t<meta name=\"twitter:data1\" content=\"Christian Kjeldsen\" \/>\n\t<meta name=\"twitter:label2\" content=\"Estimeret l\u00e6setid\" \/>\n\t<meta name=\"twitter:data2\" content=\"5 minutter\" \/>\n<script type=\"application\/ld+json\" class=\"yoast-schema-graph\">{\"@context\":\"https:\\\/\\\/schema.org\",\"@graph\":[{\"@type\":\"Article\",\"@id\":\"https:\\\/\\\/lystfiskerforening.dk\\\/?p=18737#article\",\"isPartOf\":{\"@id\":\"https:\\\/\\\/lystfiskerforening.dk\\\/?p=18737\"},\"author\":{\"name\":\"Christian Kjeldsen\",\"@id\":\"https:\\\/\\\/lystfiskerforening.dk\\\/#\\\/schema\\\/person\\\/855d47e64cde7eeb8119af5ed1a2743e\"},\"headline\":\"Generalforsamling 2021 &#8211; Referat\",\"datePublished\":\"2021-09-11T15:42:00+00:00\",\"dateModified\":\"2021-09-11T17:15:48+00:00\",\"mainEntityOfPage\":{\"@id\":\"https:\\\/\\\/lystfiskerforening.dk\\\/?p=18737\"},\"wordCount\":1090,\"commentCount\":0,\"image\":{\"@id\":\"https:\\\/\\\/lystfiskerforening.dk\\\/?p=18737#primaryimage\"},\"thumbnailUrl\":\"https:\\\/\\\/lystfiskerforening.dk\\\/wp-content\\\/uploads\\\/2021\\\/09\\\/2021.09.09.-GF-OSF6115-scaled.jpg\",\"keywords\":[\"2021\",\"Generalforsamling\"],\"articleSection\":[\"Info\"],\"inLanguage\":\"da-DK\",\"potentialAction\":[{\"@type\":\"CommentAction\",\"name\":\"Comment\",\"target\":[\"https:\\\/\\\/lystfiskerforening.dk\\\/?p=18737#respond\"]}]},{\"@type\":\"WebPage\",\"@id\":\"https:\\\/\\\/lystfiskerforening.dk\\\/?p=18737\",\"url\":\"https:\\\/\\\/lystfiskerforening.dk\\\/?p=18737\",\"name\":\"Generalforsamling 2021 - Referat - Odder Sportsfiskerforening\",\"isPartOf\":{\"@id\":\"https:\\\/\\\/lystfiskerforening.dk\\\/#website\"},\"primaryImageOfPage\":{\"@id\":\"https:\\\/\\\/lystfiskerforening.dk\\\/?p=18737#primaryimage\"},\"image\":{\"@id\":\"https:\\\/\\\/lystfiskerforening.dk\\\/?p=18737#primaryimage\"},\"thumbnailUrl\":\"https:\\\/\\\/lystfiskerforening.dk\\\/wp-content\\\/uploads\\\/2021\\\/09\\\/2021.09.09.-GF-OSF6115-scaled.jpg\",\"datePublished\":\"2021-09-11T15:42:00+00:00\",\"dateModified\":\"2021-09-11T17:15:48+00:00\",\"author\":{\"@id\":\"https:\\\/\\\/lystfiskerforening.dk\\\/#\\\/schema\\\/person\\\/855d47e64cde7eeb8119af5ed1a2743e\"},\"description\":\"\u00c5rets generalforsamling blev afholdt i godt hum\u00f8r og gl\u00e6de over endelig at kunne m\u00f8des igen. Generalforsamlingen b\u00f8d bl.a p\u00e5 \u00e6ndringer i bestyrelsen.\",\"breadcrumb\":{\"@id\":\"https:\\\/\\\/lystfiskerforening.dk\\\/?p=18737#breadcrumb\"},\"inLanguage\":\"da-DK\",\"potentialAction\":[{\"@type\":\"ReadAction\",\"target\":[\"https:\\\/\\\/lystfiskerforening.dk\\\/?p=18737\"]}]},{\"@type\":\"ImageObject\",\"inLanguage\":\"da-DK\",\"@id\":\"https:\\\/\\\/lystfiskerforening.dk\\\/?p=18737#primaryimage\",\"url\":\"https:\\\/\\\/lystfiskerforening.dk\\\/wp-content\\\/uploads\\\/2021\\\/09\\\/2021.09.09.-GF-OSF6115-scaled.jpg\",\"contentUrl\":\"https:\\\/\\\/lystfiskerforening.dk\\\/wp-content\\\/uploads\\\/2021\\\/09\\\/2021.09.09.-GF-OSF6115-scaled.jpg\",\"width\":2048,\"height\":1365},{\"@type\":\"BreadcrumbList\",\"@id\":\"https:\\\/\\\/lystfiskerforening.dk\\\/?p=18737#breadcrumb\",\"itemListElement\":[{\"@type\":\"ListItem\",\"position\":1,\"name\":\"Hjem\",\"item\":\"https:\\\/\\\/lystfiskerforening.dk\\\/\"},{\"@type\":\"ListItem\",\"position\":2,\"name\":\"Generalforsamling 2021 &#8211; Referat\"}]},{\"@type\":\"WebSite\",\"@id\":\"https:\\\/\\\/lystfiskerforening.dk\\\/#website\",\"url\":\"https:\\\/\\\/lystfiskerforening.dk\\\/\",\"name\":\"Odder Sportsfiskerforening\",\"description\":\"Stiftet i 1945\",\"potentialAction\":[{\"@type\":\"SearchAction\",\"target\":{\"@type\":\"EntryPoint\",\"urlTemplate\":\"https:\\\/\\\/lystfiskerforening.dk\\\/?s={search_term_string}\"},\"query-input\":{\"@type\":\"PropertyValueSpecification\",\"valueRequired\":true,\"valueName\":\"search_term_string\"}}],\"inLanguage\":\"da-DK\"},{\"@type\":\"Person\",\"@id\":\"https:\\\/\\\/lystfiskerforening.dk\\\/#\\\/schema\\\/person\\\/855d47e64cde7eeb8119af5ed1a2743e\",\"name\":\"Christian Kjeldsen\",\"image\":{\"@type\":\"ImageObject\",\"inLanguage\":\"da-DK\",\"@id\":\"https:\\\/\\\/secure.gravatar.com\\\/avatar\\\/ecf31ec2da8abb934d318854bd71b52beee2f79efaafa8aa996839286fe0db2c?s=96&d=mm&r=g\",\"url\":\"https:\\\/\\\/secure.gravatar.com\\\/avatar\\\/ecf31ec2da8abb934d318854bd71b52beee2f79efaafa8aa996839286fe0db2c?s=96&d=mm&r=g\",\"contentUrl\":\"https:\\\/\\\/secure.gravatar.com\\\/avatar\\\/ecf31ec2da8abb934d318854bd71b52beee2f79efaafa8aa996839286fe0db2c?s=96&d=mm&r=g\",\"caption\":\"Christian Kjeldsen\"},\"sameAs\":[\"http:\\\/\\\/www.fiskekonkurrencer.dk\",\"https:\\\/\\\/www.facebook.com\\\/kjeldsenc\",\"https:\\\/\\\/x.com\\\/bidtafnatur\"],\"url\":\"https:\\\/\\\/lystfiskerforening.dk\\\/?author=1\"}]}<\/script>\n<!-- \/ Yoast SEO plugin. -->","yoast_head_json":{"title":"Generalforsamling 2021 - Referat - Odder Sportsfiskerforening","description":"\u00c5rets generalforsamling blev afholdt i godt hum\u00f8r og gl\u00e6de over endelig at kunne m\u00f8des igen. Generalforsamlingen b\u00f8d bl.a p\u00e5 \u00e6ndringer i bestyrelsen.","robots":{"index":"index","follow":"follow","max-snippet":"max-snippet:-1","max-image-preview":"max-image-preview:large","max-video-preview":"max-video-preview:-1"},"canonical":"https:\/\/lystfiskerforening.dk\/?p=18737","og_locale":"da_DK","og_type":"article","og_title":"Generalforsamling 2021 - Referat - Odder Sportsfiskerforening","og_description":"\u00c5rets generalforsamling blev afholdt i godt hum\u00f8r og gl\u00e6de over endelig at kunne m\u00f8des igen. Generalforsamlingen b\u00f8d bl.a p\u00e5 \u00e6ndringer i bestyrelsen.","og_url":"https:\/\/lystfiskerforening.dk\/?p=18737","og_site_name":"Odder Sportsfiskerforening","article_publisher":"https:\/\/www.facebook.com\/odderfisker\/","article_author":"https:\/\/www.facebook.com\/kjeldsenc","article_published_time":"2021-09-11T15:42:00+00:00","article_modified_time":"2021-09-11T17:15:48+00:00","og_image":[{"width":2048,"height":1365,"url":"https:\/\/lystfiskerforening.dk\/wp-content\/uploads\/2021\/09\/2021.09.09.-GF-OSF6115-scaled.jpg","type":"image\/jpeg"}],"author":"Christian Kjeldsen","twitter_card":"summary_large_image","twitter_creator":"@bidtafnatur","twitter_misc":{"Skrevet af":"Christian Kjeldsen","Estimeret l\u00e6setid":"5 minutter"},"schema":{"@context":"https:\/\/schema.org","@graph":[{"@type":"Article","@id":"https:\/\/lystfiskerforening.dk\/?p=18737#article","isPartOf":{"@id":"https:\/\/lystfiskerforening.dk\/?p=18737"},"author":{"name":"Christian Kjeldsen","@id":"https:\/\/lystfiskerforening.dk\/#\/schema\/person\/855d47e64cde7eeb8119af5ed1a2743e"},"headline":"Generalforsamling 2021 &#8211; Referat","datePublished":"2021-09-11T15:42:00+00:00","dateModified":"2021-09-11T17:15:48+00:00","mainEntityOfPage":{"@id":"https:\/\/lystfiskerforening.dk\/?p=18737"},"wordCount":1090,"commentCount":0,"image":{"@id":"https:\/\/lystfiskerforening.dk\/?p=18737#primaryimage"},"thumbnailUrl":"https:\/\/lystfiskerforening.dk\/wp-content\/uploads\/2021\/09\/2021.09.09.-GF-OSF6115-scaled.jpg","keywords":["2021","Generalforsamling"],"articleSection":["Info"],"inLanguage":"da-DK","potentialAction":[{"@type":"CommentAction","name":"Comment","target":["https:\/\/lystfiskerforening.dk\/?p=18737#respond"]}]},{"@type":"WebPage","@id":"https:\/\/lystfiskerforening.dk\/?p=18737","url":"https:\/\/lystfiskerforening.dk\/?p=18737","name":"Generalforsamling 2021 - Referat - Odder Sportsfiskerforening","isPartOf":{"@id":"https:\/\/lystfiskerforening.dk\/#website"},"primaryImageOfPage":{"@id":"https:\/\/lystfiskerforening.dk\/?p=18737#primaryimage"},"image":{"@id":"https:\/\/lystfiskerforening.dk\/?p=18737#primaryimage"},"thumbnailUrl":"https:\/\/lystfiskerforening.dk\/wp-content\/uploads\/2021\/09\/2021.09.09.-GF-OSF6115-scaled.jpg","datePublished":"2021-09-11T15:42:00+00:00","dateModified":"2021-09-11T17:15:48+00:00","author":{"@id":"https:\/\/lystfiskerforening.dk\/#\/schema\/person\/855d47e64cde7eeb8119af5ed1a2743e"},"description":"\u00c5rets generalforsamling blev afholdt i godt hum\u00f8r og gl\u00e6de over endelig at kunne m\u00f8des igen. Generalforsamlingen b\u00f8d bl.a p\u00e5 \u00e6ndringer i bestyrelsen.","breadcrumb":{"@id":"https:\/\/lystfiskerforening.dk\/?p=18737#breadcrumb"},"inLanguage":"da-DK","potentialAction":[{"@type":"ReadAction","target":["https:\/\/lystfiskerforening.dk\/?p=18737"]}]},{"@type":"ImageObject","inLanguage":"da-DK","@id":"https:\/\/lystfiskerforening.dk\/?p=18737#primaryimage","url":"https:\/\/lystfiskerforening.dk\/wp-content\/uploads\/2021\/09\/2021.09.09.-GF-OSF6115-scaled.jpg","contentUrl":"https:\/\/lystfiskerforening.dk\/wp-content\/uploads\/2021\/09\/2021.09.09.-GF-OSF6115-scaled.jpg","width":2048,"height":1365},{"@type":"BreadcrumbList","@id":"https:\/\/lystfiskerforening.dk\/?p=18737#breadcrumb","itemListElement":[{"@type":"ListItem","position":1,"name":"Hjem","item":"https:\/\/lystfiskerforening.dk\/"},{"@type":"ListItem","position":2,"name":"Generalforsamling 2021 &#8211; Referat"}]},{"@type":"WebSite","@id":"https:\/\/lystfiskerforening.dk\/#website","url":"https:\/\/lystfiskerforening.dk\/","name":"Odder Sportsfiskerforening","description":"Stiftet i 1945","potentialAction":[{"@type":"SearchAction","target":{"@type":"EntryPoint","urlTemplate":"https:\/\/lystfiskerforening.dk\/?s={search_term_string}"},"query-input":{"@type":"PropertyValueSpecification","valueRequired":true,"valueName":"search_term_string"}}],"inLanguage":"da-DK"},{"@type":"Person","@id":"https:\/\/lystfiskerforening.dk\/#\/schema\/person\/855d47e64cde7eeb8119af5ed1a2743e","name":"Christian Kjeldsen","image":{"@type":"ImageObject","inLanguage":"da-DK","@id":"https:\/\/secure.gravatar.com\/avatar\/ecf31ec2da8abb934d318854bd71b52beee2f79efaafa8aa996839286fe0db2c?s=96&d=mm&r=g","url":"https:\/\/secure.gravatar.com\/avatar\/ecf31ec2da8abb934d318854bd71b52beee2f79efaafa8aa996839286fe0db2c?s=96&d=mm&r=g","contentUrl":"https:\/\/secure.gravatar.com\/avatar\/ecf31ec2da8abb934d318854bd71b52beee2f79efaafa8aa996839286fe0db2c?s=96&d=mm&r=g","caption":"Christian Kjeldsen"},"sameAs":["http:\/\/www.fiskekonkurrencer.dk","https:\/\/www.facebook.com\/kjeldsenc","https:\/\/x.com\/bidtafnatur"],"url":"https:\/\/lystfiskerforening.dk\/?author=1"}]}},"_links":{"self":[{"href":"https:\/\/lystfiskerforening.dk\/index.php?rest_route=\/wp\/v2\/posts\/18737","targetHints":{"allow":["GET"]}}],"collection":[{"href":"https:\/\/lystfiskerforening.dk\/index.php?rest_route=\/wp\/v2\/posts"}],"about":[{"href":"https:\/\/lystfiskerforening.dk\/index.php?rest_route=\/wp\/v2\/types\/post"}],"author":[{"embeddable":true,"href":"https:\/\/lystfiskerforening.dk\/index.php?rest_route=\/wp\/v2\/users\/1"}],"replies":[{"embeddable":true,"href":"https:\/\/lystfiskerforening.dk\/index.php?rest_route=%2Fwp%2Fv2%2Fcomments&post=18737"}],"version-history":[{"count":9,"href":"https:\/\/lystfiskerforening.dk\/index.php?rest_route=\/wp\/v2\/posts\/18737\/revisions"}],"predecessor-version":[{"id":18763,"href":"https:\/\/lystfiskerforening.dk\/index.php?rest_route=\/wp\/v2\/posts\/18737\/revisions\/18763"}],"wp:featuredmedia":[{"embeddable":true,"href":"https:\/\/lystfiskerforening.dk\/index.php?rest_route=\/wp\/v2\/media\/18745"}],"wp:attachment":[{"href":"https:\/\/lystfiskerforening.dk\/index.php?rest_route=%2Fwp%2Fv2%2Fmedia&parent=18737"}],"wp:term":[{"taxonomy":"category","embeddable":true,"href":"https:\/\/lystfiskerforening.dk\/index.php?rest_route=%2Fwp%2Fv2%2Fcategories&post=18737"},{"taxonomy":"post_tag","embeddable":true,"href":"https:\/\/lystfiskerforening.dk\/index.php?rest_route=%2Fwp%2Fv2%2Ftags&post=18737"}],"curies":[{"name":"wp","href":"https:\/\/api.w.org\/{rel}","templated":true}]}}